{"id":10259,"date":"2020-08-07T14:36:49","date_gmt":"2020-08-07T14:36:49","guid":{"rendered":"https:\/\/www.mes-allocs.fr\/guides\/?p=10259"},"modified":"2026-04-07T14:15:13","modified_gmt":"2026-04-07T13:15:13","slug":"eligibilite-cpf","status":"publish","type":"post","link":"https:\/\/www.mes-allocs.fr\/guides\/aide-formation\/compte-personnel-formation-cpf\/eligibilite-cpf\/","title":{"rendered":"Eligibilit\u00e9 cpf : qui peut b\u00e9n\u00e9ficier du dispositif ?"},"content":{"rendered":"<p class=\"nVcaUb\"><strong><a href=\"https:\/\/www.mes-allocs.fr\/guides\/wp-content\/uploads\/2020\/08\/Eligibilite\u0301-cpf-qui-peut-be\u0301ne\u0301ficier-du-dispositif-s.jpg\"><img loading=\"lazy\" decoding=\"async\" class=\"aligncenter wp-image-10838 size-full\" src=\"https:\/\/www.mes-allocs.fr\/guides\/wp-content\/uploads\/2020\/08\/Eligibilite\u0301-cpf-qui-peut-be\u0301ne\u0301ficier-du-dispositif-s-e1596714983924.jpg\" alt=\"Eligibilite\u0301 cpf : qui peut be\u0301ne\u0301ficier du dispositif ?s\" width=\"1280\" height=\"201\" srcset=\"https:\/\/www.mes-allocs.fr\/guides\/wp-content\/uploads\/2020\/08\/Eligibilite\u0301-cpf-qui-peut-be\u0301ne\u0301ficier-du-dispositif-s-e1596714983924.jpg 1280w, https:\/\/www.mes-allocs.fr\/guides\/wp-content\/uploads\/2020\/08\/Eligibilite\u0301-cpf-qui-peut-be\u0301ne\u0301ficier-du-dispositif-s-e1596714983924-300x47.jpg 300w, https:\/\/www.mes-allocs.fr\/guides\/wp-content\/uploads\/2020\/08\/Eligibilite\u0301-cpf-qui-peut-be\u0301ne\u0301ficier-du-dispositif-s-e1596714983924-1024x161.jpg 1024w, https:\/\/www.mes-allocs.fr\/guides\/wp-content\/uploads\/2020\/08\/Eligibilite\u0301-cpf-qui-peut-be\u0301ne\u0301ficier-du-dispositif-s-e1596714983924-768x121.jpg 768w, https:\/\/www.mes-allocs.fr\/guides\/wp-content\/uploads\/2020\/08\/Eligibilite\u0301-cpf-qui-peut-be\u0301ne\u0301ficier-du-dispositif-s-e1596714983924-600x94.jpg 600w\" sizes=\"auto, (max-width: 1280px) 100vw, 1280px\" \/><\/a><\/strong>[Mis \u00e0 jour le 03\/04\/2026]<strong> Vous souhaitez entreprendre une formation professionnelle ? Le <a href=\"https:\/\/www.mes-allocs.fr\/guides\/aide-formation\/compte-personnel-formation-cpf\/\" target=\"_blank\" rel=\"noopener noreferrer\">compte personnel de formation cpf<\/a> est un dispositif fait pour vous guider. Il permet de vous former dans diverses branches professionnelles. Or, quels sont les crit\u00e8res d&rsquo;\u00e9gibilit\u00e9 cpf pour en b\u00e9n\u00e9ficier ?<\/strong><\/p>\n<div class='cta-block'><div class='text'>Simulez toutes vos aides en 2 min.<\/div><a href='https:\/\/www.mes-allocs.fr\/ab-app?origin=guides\/wp-json\/wp\/v2\/posts\/10259' class='app-button fit'>Simulation gratuite<\/a><\/div>\n<h1>Qui peut b\u00e9n\u00e9ficier d&rsquo;un CPF ?<\/h1>\n<ul>\n<li>Personnes \u00e2g\u00e9es de 16 ans et plus disposent d\u2019un Compte personnel de formation (CPF).<\/li>\n<li>Jeunes de 15 ans ayant sign\u00e9 un contrat d\u2019apprentissage, par d\u00e9rogation, sont \u00e9galement concern\u00e9s.<\/li>\n<\/ul>\n<p>Les personnes suivantes peuvent ainsi b\u00e9n\u00e9ficier du CPF :<\/p>\n<ul>\n<li>salari\u00e9s \u00e0 temps complet et \u00e0 temps partiel.<\/li>\n<li>travailleurs ind\u00e9pendants.<\/li>\n<li>employ\u00e9s saisonniers.<\/li>\n<li>agents publics et consulaires.<\/li>\n<li>demandeurs d emploi.<\/li>\n<li>personnes handicap\u00e9es h\u00e9berg\u00e9es en \u00e9tablissement ou en service d&rsquo;aide par le travail (ESAT).<\/li>\n<\/ul>\n<p>\u00c0 noter que le CPF est ferm\u00e9 lorsque vous faites valoir vos droits \u00e0 la retraite.<\/p>\n<p>Attention, depuis le 2 avril 2026, une <a href=\"https:\/\/www.mes-allocs.fr\/guides\/aide-formation\/compte-personnel-formation-cpf\/participation-forfaitaire-cpf\/\">participation financi\u00e8re de 150\u20ac<\/a> vous est demand\u00e9e si vous souhaitez mobiliser votre CPF (sauf pour certains publics comme les demandeurs d\u2019emploi).<\/p>\n<h1>Les volontaires en service civique sont-ils \u00e9ligibles au CPF ?<\/h1>\n<p><span class=\"st\">Il faut justifier d&rsquo;au moins :<br \/>\n<\/span><\/p>\n<ul>\n<li><strong><span class=\"st\"> 90 jours de service civique,<\/span><\/strong><\/li>\n<li><strong><span class=\"st\">ou de 200 heures de b\u00e9n\u00e9volat dans les associations par an.<\/span><\/strong><\/li>\n<\/ul>\n<p>Les formations n\u00e9cessaires \u00e0 l exercice de leurs missions sont les seules accessibles aux volontaires service civique sur le CPF.<\/p>\n<div class=\"brs_col\">\n<h1>Qui finance le CPF ?<\/h1>\n<p>C&rsquo;est la Caisse des D\u00e9p\u00f4ts et Consignations, institution financi\u00e8re publique, qui g\u00e8re le <a href=\"https:\/\/walter-learning.com\/blog\/cpf\" target=\"_blank\" rel=\"noopener\">compte personnel de formation<\/a>.<\/p>\n<p>Plus exactement, les fonds proviennent partiellement de la \u00ab\u00a0contribution \u00e0 la formation professionnelle et \u00e0 l\u2019alternance\u00a0\u00bb, pay\u00e9es par les employeurs chaque ann\u00e9e.<\/p>\n<p>&nbsp;<\/p>\n<\/div>\n<h1>En quoi consiste la nouvelle application CPF ?<\/h1>\n<p>L&rsquo;application a d&rsquo;abord \u00e9t\u00e9 annonc\u00e9e par Muriel P\u00e9nicaud d\u00e8s l\u2019automne 2017. Au m\u00eame moment, \u00e9tait lanc\u00e9 le site internet moncompteformation.gouv.fr. La ministre pr\u00e9voyait alors de d\u00e9ployer le dispositif progressivement. Il est d&rsquo;ailleurs financ\u00e9 par la Caisse des D\u00e9p\u00f4ts (CDC).<\/p>\n<p>Ces deux mesures annoncent le \u00ab\u00a0service d\u00e9mat\u00e9rialis\u00e9 gratuit\u00a0\u00bb inscrit par la r\u00e9forme du 5 septembre 2018 dans le code du Travail (article\u00a0L6323-8).<\/p>\n<p>L&rsquo;application cpf se pr\u00e9sente ainsi :<\/p>\n<ul>\n<li><strong>100 000 sessions de formation sont actuellement accessibles.<\/strong> Notez que ce nombre augmentera avec le temps.<\/li>\n<li><strong>Depuis le printemps 2020, vous pouvez int\u00e9grer les abondements de l\u2019entreprise<\/strong>.<\/li>\n<\/ul>\n<h1>Comment rendre une formation \u00e9ligible au cpf ?<\/h1>\n<p><strong>Afin de rendre<\/strong> leur <strong>programme \u00e9ligible au Compte formation<\/strong> (<strong>CPF<\/strong>), les organismes doivent\u00a0 :<\/p>\n<ul>\n<li>d\u00e9poser une demande d&rsquo;enregistrement dans le R\u00e9pertoire national des certifications professionnelles (RNCP)<\/li>\n<li>ou dans le R\u00e9pertoire sp\u00e9cifique (RS).<\/li>\n<\/ul>\n<p>Ces formations sanctionn\u00e9es, sont celles que vous pouvez solliciter.<\/p>\n<p><iframe loading=\"lazy\" title=\"Les aides \u00e0 la formation\" width=\"500\" height=\"281\" src=\"https:\/\/www.youtube.com\/embed\/gs3ZRHqtzmY?feature=oembed\" frameborder=\"0\" allow=\"accelerometer; autoplay; clipboard-write; encrypted-media; gyroscope; picture-in-picture; web-share\" referrerpolicy=\"strict-origin-when-cross-origin\" allowfullscreen><\/iframe><\/p>\n<h1>Je souhaite cr\u00e9er un compte CPF, comment faire ?<\/h1>\n<h2>Qu&rsquo;est-ce que le CPF ?<\/h2>\n<p>Le compte personnel de formation est adress\u00e9 aux salari\u00e9s. Peu connue, mais tr\u00e8s avantageuse, cette aide est accessible \u00e0 la majorit\u00e9 des salari\u00e9s. <strong>Comment fonctionne-t-il ?<\/strong><\/p>\n<ol>\n<li>En tant que salari\u00e9, vous cumulez chaque ann\u00e9e des cr\u00e9dits (<strong>ou \u00ab\u00a0droits\u00a0\u00bb, sous la forme d&rsquo;heures travaill\u00e9es cumul\u00e9es<\/strong>) au titre du compte personnel de formation.<\/li>\n<li>Ces cr\u00e9dits peuvent \u00eatre ensuite employ\u00e9s pour financer des formations professionnelles (dont celle du permis de conduire). <a href=\"https:\/\/www.mes-allocs.fr\/guides\/aide-formation\/compte-personnel-formation-cpf\/abondement-cpf\/\" target=\"_blank\" rel=\"noopener noreferrer\"><strong>Des abondements sont possible<\/strong>s<\/a> (notamment via P\u00f4le Emploi), si les sommes acquises sont insuffisantes pour la formation choisie.<\/li>\n<\/ol>\n<p>Le CPF a en outre, remplac\u00e9 le DIF. Vos heures restantes sont utilisables jusqu&rsquo;au 31 d\u00e9cembre 2020. Autre changement, depuis le 1<b>er janvier 2015, le DIF n&rsquo;est plus rattach\u00e9 \u00e0 l&#8217;employeur.<\/b><\/p>\n<p class=\"spip\">Sur votre espace personnel s\u00e9curis\u00e9, vous trouverez \u00e9galement :<\/p>\n<ul class=\"spip\">\n<li>informations vous concernant (par exemple : cr\u00e9dit en euros enregistr\u00e9 sur votre compte).<\/li>\n<li>d\u00e9tails sur les formations que vous pouvez solliciter (formations \u00e9ligibles au Compte personnel de formation).<\/li>\n<li>informations sur les financements de formation.<\/li>\n<li>acc\u00e8s aux services num\u00e9riques li\u00e9s \u00e0 l\u2019orientation professionnelle et la capitalisation des comp\u00e9tences.<\/li>\n<\/ul>\n<h2>Quelles sont les \u00e9tapes \u00e0 suivre pour mettre en place mon CPF ?<\/h2>\n<ol>\n<li>Rendez-vous sur le site internet moncompteformation.gouv.<\/li>\n<li>Cliquez sur \u201ccr\u00e9er mon compte\u201d.<\/li>\n<li>Remplissez les informations requises.<\/li>\n<li>Vous recevrez un mail de confirmation.<\/li>\n<li>Votre compte est automatiquement activ\u00e9.<\/li>\n<\/ol>\n<h1>Exite-il un annuaire formation CPF ?<\/h1>\n<p>Il existe en r\u00e9alit\u00e9 plusieurs annuaires propos\u00e9s par divers sites. Il affiche des offres de formation telles que :<\/p>\n<ul>\n<li><a href=\"https:\/\/www.mes-allocs.fr\/guides\/aide-formation\/compte-personnel-formation-cpf\/formation-anglais-cpf\/\" target=\"_blank\" rel=\"noopener noreferrer\">La pr\u00e9paration TOEIC Anglais<\/a> ou le SIELE (espagnol),<\/li>\n<li>le PCI,<\/li>\n<li>le TOSA<\/li>\n<li>etc.<\/li>\n<\/ul>\n<h1>Comment savoir si une formation est \u00e9ligible au cpf ?<\/h1>\n<p><a href=\"https:\/\/www.moncompteformation.gouv.fr\/espace-public\/comment-rechercher-et-trouver-une-formation\" target=\"_blank\" rel=\"noopener nofollow noreferrer\">Les listes des formations \u00e9ligibles se trouvent sur votre CPF, en ligne<\/a>. \u00c0 l&rsquo;aide de quelques mots-cl\u00e9s et informations \u00e0 votre sujet, ces formations s&rsquo;afficheront, aux c\u00f4t\u00e9s d&rsquo;autres \u00e9l\u00e9ments que vous pouvez acqu\u00e9rir tels que :<\/p>\n<ul>\n<li>des certifications et habilitations,<\/li>\n<li>les bloc de comp\u00e9tences que vous allez renforcer.<\/li>\n<\/ul>\n<p style=\"text-align: justify;\"><div itemscope itemtype=\"http:\/\/schema.org\/Table\"><p itemprop=\"about\"><strong>Existe-t-il une formation courte \u00e9ligible cpf ?<\/strong><\/p><\/p>\n<table style=\"border-collapse: collapse; width: 100.664%; height: 469px;\">\n<tbody>\n<tr style=\"height: 48px;\">\n<td style=\"width: 29.52819906759907%; height: 60px; background-color: #d8e6f2; border: 1px solid black; text-align: center;\"><strong>Type de formation<\/strong><\/td>\n<td style=\"width: 29.11540093240093%; height: 60px; background-color: #d8e6f2; border: 1px solid black; text-align: center;\"><strong>Exemples de comp\u00e9tences acquises<\/strong><\/td>\n<\/tr>\n<tr style=\"height: 97px;\">\n<td style=\"width: 29.52819906759907%; border: 1px solid black; text-align: center; height: 97px;\">\n<p class=\"spip\">Comptabilit\u00e9<\/p>\n<\/td>\n<td style=\"width: 29.11540093240093%; border: 1px solid black; text-align: center; height: 97px;\">\n<ul>\n<li>\u00c9tablir et comptabiliser les paies<\/li>\n<li>Cl\u00f4turer un exercice comptable<\/li>\n<li>Traiter les op\u00e9rations comptables et fiscales<\/li>\n<\/ul>\n<\/td>\n<\/tr>\n<tr style=\"height: 120px;\">\n<td style=\"width: 29.52819906759907%; border: 1px solid black; text-align: center; height: 120px;\">\n<p class=\"spip\">Community Manager<\/p>\n<p class=\"spip\"><em>\u00a0<\/em><\/p>\n<\/td>\n<td style=\"width: 29.11540093240093%; border: 1px solid black; text-align: center; height: 120px;\">\n<ul>\n<li>Animer des supports de communication<\/li>\n<li>Cr\u00e9er des outils de communication web<\/li>\n<li>\u00c9laborer une strat\u00e9gie de communication<\/li>\n<\/ul>\n<\/td>\n<\/tr>\n<tr style=\"height: 96px;\">\n<td style=\"width: 29.52819906759907%; border: 1px solid black; text-align: center; height: 96px;\">\n<p class=\"spip\">Ressources humaines<\/p>\n<p class=\"spip\"><em>\u00a0<\/em><\/p>\n<\/td>\n<td style=\"width: 29.11540093240093%; border: 1px solid black; text-align: center; height: 96px;\">\n<ul>\n<li>Assurer la gestion administrative du personnel<\/li>\n<li>Participer \u00e0 l\u2019optimisation des ressources humaines<\/li>\n<li>Participer au processus de recrutement et d\u2019int\u00e9gration du personnel<\/li>\n<\/ul>\n<\/td>\n<\/tr>\n<\/tbody>\n<\/table>\n<p><span style=\"font-weight: 400;\"><\/div><\/span><\/p>\n<div class='cta-block'><div class='text'>Simulez toutes vos aides en 2 min.<\/div><a href='https:\/\/www.mes-allocs.fr\/ab-app?origin=guides\/wp-json\/wp\/v2\/posts\/10259' class='app-button fit'>Simulation gratuite<\/a><\/div>\n<h1>Quelle est la liste des formations \u00e9ligibles au cpf\u00a0 ?<\/h1>\n<div>\n<div id=\"foot\" role=\"navigation\">\n<p>De mani\u00e8re g\u00e9n\u00e9rale, le compte personnel de formation vous donne acc\u00e8s aux formations suivantes :<\/p>\n<\/div>\n<ul>\n<li>formations permettant de faire valider les acquis de l\u2019exp\u00e9rience (VAE) indiqu\u00e9s au <strong>3\u00b0 de l\u2019article L.6313-1.<\/strong><\/li>\n<li>bilan de comp\u00e9tences.<\/li>\n<li>actions de formation \u00e0 destination des cr\u00e9ateurs ou repreneurs d\u2019entreprises.<\/li>\n<li>pr\u00e9paration de <strong>l\u2019\u00e9preuve th\u00e9orique du Code de la route et de l\u2019\u00e9preuve pratique<\/strong> du <a href=\"https:\/\/www.mes-allocs.fr\/guides\/aide-formation\/compte-personnel-formation-cpf\/auto-ecole-agreee-cpf\/\" target=\"_blank\" rel=\"noopener noreferrer\">permis de conduire<\/a> des v\u00e9hicules du groupe l\u00e9ger (permis B) et du groupe lourd.<\/li>\n<\/ul>\n<p style=\"text-align: justify;\"><div itemscope itemtype=\"http:\/\/schema.org\/Table\"><p itemprop=\"about\"><strong>Quelles sont les formations CPF les plus pris\u00e9es ?<\/strong><\/p><\/p>\n<table style=\"border-collapse: collapse; width: 100.664%; height: 972px;\">\n<tbody>\n<tr style=\"height: 48px;\">\n<td style=\"width: 29.5282%; height: 60px; background-color: #d8e6f2; border: 1px solid black; text-align: center;\"><strong>Type de formation<\/strong><\/td>\n<td style=\"width: 29.1154%; height: 60px; background-color: #d8e6f2; border: 1px solid black; text-align: center;\"><strong>Description<\/strong><\/td>\n<\/tr>\n<tr style=\"height: 24px;\">\n<td style=\"width: 29.5282%; height: 88px; border: 1px solid black; text-align: center;\">TOEIC (Test of English for International Communication)<\/td>\n<td style=\"width: 29.1154%; height: 88px; border: 1px solid black; text-align: center;\">\u00c9valuation du niveau des non-anglophones qui doivent utiliser l\u2019anglais dans leur contexte professionnel international.<\/td>\n<\/tr>\n<tr style=\"height: 56px;\">\n<td style=\"width: 29.5282%; border: 1px solid black; text-align: center; height: 56px;\">\n<p class=\"spip\">BULATS (Business Language Testing Service)<\/p>\n<\/td>\n<td style=\"width: 29.1154%; border: 1px solid black; text-align: center; height: 56px;\">\u00c9valuation des comp\u00e9tences linguistiques (CECRL) en anglais dans des cadres professionnels.<\/td>\n<\/tr>\n<tr style=\"height: 120px;\">\n<td style=\"width: 29.5282%; border: 1px solid black; text-align: center; height: 120px;\">\n<p class=\"spip\">Cl\u00e9A\u00a0: socles de connaissances et de comp\u00e9tences professionnelles<\/p>\n<\/td>\n<td style=\"width: 29.1154%; border: 1px solid black; text-align: center; height: 120px;\">Mise en place par le<strong> Comit\u00e9 Paritaire Interprofessionnel National pour l\u2019Emploi et la Formation<\/strong>, c&rsquo;est un outil au service de la formation, de l\u2019emploi, de l\u2019\u00e9volution professionnelle et de la comp\u00e9titivit\u00e9.<\/td>\n<\/tr>\n<tr style=\"height: 96px;\">\n<td style=\"width: 29.5282%; border: 1px solid black; text-align: center; height: 96px;\">\n<p class=\"spip\">PCIE (Passeport de Comp\u00e9tences Informatique Europ\u00e9en)<\/p>\n<\/td>\n<td style=\"width: 29.1154%; border: 1px solid black; text-align: center; height: 96px;\">Vous pouvez y faire appel quel que soit votre profession. C&rsquo;est une certification qui \u00e9value les comp\u00e9tences bureautiques (comp\u00e9tences transversales).<\/td>\n<\/tr>\n<tr style=\"height: 144px;\">\n<td style=\"width: 29.5282%; border: 1px solid black; text-align: center; height: 144px;\">\n<p class=\"spip\">TOSA<\/p>\n<\/td>\n<td style=\"width: 29.1154%; border: 1px solid black; text-align: center; height: 144px;\">Certification des comp\u00e9tences informatiques (logiciels de bureautique, comp\u00e9tences digitales ou logiciels de PAO, CAO, DAO) dont vous pouvez b\u00e9n\u00e9ficier si vous \u00eates salari\u00e9, \u00e9tudiant, demandeur d\u2019emploi, militaire en reconversion. Et ce, dans le but de favoriser votre employabilit\u00e9.<\/td>\n<\/tr>\n<tr style=\"height: 72px;\">\n<td style=\"width: 29.5282%; border: 1px solid black; text-align: center; height: 72px;\">\n<p class=\"spip\">Caces chariots \u00e9l\u00e9vateurs<\/p>\n<\/td>\n<td style=\"width: 29.1154%; border: 1px solid black; text-align: center; height: 72px;\">Il d\u00e9livre des certificats d\u2019aptitude \u00e0 la conduite de chariots \u00e9l\u00e9vateurs et transpalettes (Caces &#8211; cariste manutention)<\/td>\n<\/tr>\n<tr style=\"height: 120px;\">\n<td style=\"width: 29.5282%; border: 1px solid black; text-align: center; height: 120px;\">\n<p class=\"spip\">Stage de pr\u00e9paration \u00e0 l\u2019installation (SPI)<\/p>\n<p class=\"spip\"><em>\u00a0<\/em><\/p>\n<\/td>\n<td style=\"width: 29.1154%; border: 1px solid black; text-align: center; height: 120px;\">Vous pouvez solliciter le \u00a0SPI si vous avez un projet de cr\u00e9ation\/reprise d\u2019entreprise artisanale des secteurs de l\u2019alimentation, des services, du b\u00e2timent et de la fabrication. Il peut \u00e9galement concerner votre conjoint collaborateur.<\/td>\n<\/tr>\n<tr style=\"height: 120px;\">\n<td style=\"width: 29.5282%; border: 1px solid black; text-align: center; height: 120px;\">\n<p class=\"spip\">L\u2019accompagnement \u00e0 la validation des acquis de l\u2019exp\u00e9rience (VAE)<\/p>\n<p class=\"spip\"><em>\u00a0<\/em><\/p>\n<\/td>\n<td style=\"width: 29.1154%; border: 1px solid black; text-align: center; height: 120px;\">Vous pouvez b\u00e9n\u00e9ficier d\u2019un accompagnement pour pr\u00e9parer votre dossier de VAE et votre entretien devant le jury.<\/td>\n<\/tr>\n<tr style=\"height: 96px;\">\n<td style=\"width: 29.5282%; border: 1px solid black; text-align: center; height: 96px;\">\n<p class=\"spip\">Dipl\u00f4me d\u2019Etat d\u2019aide-soignant<\/p>\n<p class=\"spip\"><em>\u00a0<\/em><\/p>\n<\/td>\n<td style=\"width: 29.1154%; border: 1px solid black; text-align: center; height: 96px;\">En tant qu&rsquo;aide-soignant, vous disposez de cours de soins de pr\u00e9vention, de maintien, de relation et d\u2019\u00e9ducation \u00e0 la sant\u00e9.<\/td>\n<\/tr>\n<\/tbody>\n<\/table>\n<p><span style=\"font-weight: 400;\"><\/div><\/span><\/p>\n<\/div>\n<h1>Peut-on mettre fin \u00e0 une formation CPF ?<\/h1>\n<p>Rendez-vous sur votre espace num\u00e9rique CPF. Il sera alors re-cr\u00e9dit\u00e9 des droits CPF utillis\u00e9s.<\/p>\n<p>En outre, suite \u00e0 la crise sanitaire, le minist\u00e8re du Travail a d\u00e9clar\u00e9 que \u00ab\u00a0les personnes ayant financ\u00e9es une partie du montant de la formation par du reste \u00e0 charge, seront rembours\u00e9es du montant int\u00e9gral\u00a0\u00bb. Il a publi\u00e9 un questions\/r\u00e9ponses sur MonCompteFormation.<\/p>\n<p>Par ailleurs, dans le m\u00eame contexte, les annulations effectu\u00e9es depuis le 12 mars 2020 sont consid\u00e9r\u00e9es comme des cas de force majeure. <strong>\u00c0 noter qu&rsquo;elles ne sont pas automatiques.<\/strong><\/p>\n<h1>CPF-CPA : quels sont les changements apport\u00e9s ?<\/h1>\n<p>CPF et CPA ont \u00e9t\u00e9 fusionn\u00e9s le 27 f\u00e9vrier 2018. Ils ne forment d\u00e9sormais qu&rsquo;un seul site : moncompteactivite.gouv.fr.<\/p>\n<p>Le but \u00e9tant pour vous de naviguer sur un format plus lisible et plus moderne. Vous aurez ainsi acc\u00e8s \u00e0 l&rsquo;ensemble des \u00e9l\u00e9ments suivants :<\/p>\n<ul>\n<li>Dossiers de formation.<\/li>\n<li>Heures CPF et DIF (droit individuel \u00e0 la formation).<\/li>\n<li>Historique de compte.<\/li>\n<li><a href=\"https:\/\/www.mes-allocs.fr\/guides\/aide-formation\/compte-personnel-formation-cpf\/liste-des-formations-eligibles-au-cpf\/\" target=\"_blank\" rel=\"noopener noreferrer\">Formations qui correspondent \u00e0 vos comp\u00e9tences n\u00e9cessaires \u00e0 votre \u00e9volution.<\/a><\/li>\n<li>Informations sur les d\u00e9marches \u00e0 effectuer et les interlocuteurs \u00e0 contacter.<\/li>\n<\/ul>\n<div class='cta-block'><div class='text'>Simulez toutes vos aides en 2 min.<\/div><a href='https:\/\/www.mes-allocs.fr\/ab-app?origin=guides\/wp-json\/wp\/v2\/posts\/10259' class='app-button fit'>Simulation gratuite<\/a><\/div>\n","protected":false},"excerpt":{"rendered":"<p>[Mis \u00e0 jour le 03\/04\/2026] Vous souhaitez entreprendre une formation professionnelle ? Le compte personnel de formation cpf est un dispositif fait pour vous guider. Il permet de vous former dans diverses branches professionnelles. Or, quels sont les crit\u00e8res d&rsquo;\u00e9gibilit\u00e9 cpf pour en b\u00e9n\u00e9ficier ? Qui peut b\u00e9n\u00e9ficier d&rsquo;un CPF ? Personnes \u00e2g\u00e9es de 16 [&hellip;]<\/p>\n","protected":false},"author":10,"featured_media":10839,"comment_status":"open","ping_status":"open","sticky":false,"template":"","format":"standard","meta":{"amp_status":"","footnotes":""},"categories":[2045,2046],"tags":[],"class_list":["post-10259","post","type-post","status-publish","format-standard","has-post-thumbnail","hentry","category-aide-formation","category-compte-personnel-formation-cpf"],"yoast_head":"<!-- This site is optimized with the Yoast SEO plugin v14.9 - https:\/\/yoast.com\/wordpress\/plugins\/seo\/ -->\n<title>Eligibilit\u00e9 cpf : qui peut b\u00e9n\u00e9ficier du dispositif ? | Mes-Allocs.fr<\/title>\n<meta name=\"description\" content=\"Vous souhaitez entreprendre une formation professionnelle ? Le compte personnel de formation cpf est un dispositif fait pour vous guider.\" \/>\n<meta name=\"robots\" content=\"index, follow, max-snippet:-1, max-image-preview:large, max-video-preview:-1\" \/>\n<link rel=\"canonical\" href=\"https:\/\/www.mes-allocs.fr\/guides\/aide-formation\/compte-personnel-formation-cpf\/eligibilite-cpf\/\" \/>\n<meta property=\"og:locale\" content=\"fr_FR\" \/>\n<meta property=\"og:type\" content=\"article\" \/>\n<meta property=\"og:title\" content=\"Eligibilit\u00e9 cpf : qui peut b\u00e9n\u00e9ficier du dispositif ? | Mes-Allocs.fr\" \/>\n<meta property=\"og:description\" content=\"Vous souhaitez entreprendre une formation professionnelle ? Le compte personnel de formation cpf est un dispositif fait pour vous guider.\" \/>\n<meta property=\"og:url\" content=\"https:\/\/www.mes-allocs.fr\/guides\/aide-formation\/compte-personnel-formation-cpf\/eligibilite-cpf\/\" \/>\n<meta property=\"og:site_name\" content=\"Mes-Allocs.fr\" \/>\n<meta property=\"article:published_time\" content=\"2020-08-07T14:36:49+00:00\" \/>\n<meta property=\"article:modified_time\" content=\"2026-04-07T13:15:13+00:00\" \/>\n<meta property=\"og:image\" content=\"https:\/\/www.mes-allocs.fr\/guides\/wp-content\/uploads\/2020\/08\/Eligibilite\u0301-cpf-qui-peut-be\u0301ne\u0301ficier-du-dispositif-.jpg?wsr\" \/>\n\t<meta property=\"og:image:width\" content=\"1280\" \/>\n\t<meta property=\"og:image:height\" content=\"853\" \/>\n<meta name=\"twitter:card\" content=\"summary_large_image\" \/>\n<script type=\"application\/ld+json\" class=\"yoast-schema-graph\">{\"@context\":\"https:\/\/schema.org\",\"@graph\":[{\"@type\":\"WebSite\",\"@id\":\"https:\/\/www.mes-allocs.fr\/guides\/#website\",\"url\":\"https:\/\/www.mes-allocs.fr\/guides\/\",\"name\":\"Mes-Allocs.fr\",\"description\":\"\",\"potentialAction\":[{\"@type\":\"SearchAction\",\"target\":\"https:\/\/www.mes-allocs.fr\/guides\/?s={search_term_string}\",\"query-input\":\"required name=search_term_string\"}],\"inLanguage\":\"fr-FR\"},{\"@type\":\"ImageObject\",\"@id\":\"https:\/\/www.mes-allocs.fr\/guides\/aide-formation\/compte-personnel-formation-cpf\/eligibilite-cpf\/#primaryimage\",\"inLanguage\":\"fr-FR\",\"url\":\"https:\/\/www.mes-allocs.fr\/guides\/wp-content\/uploads\/2020\/08\/Eligibilite\\u0301-cpf-qui-peut-be\\u0301ne\\u0301ficier-du-dispositif-.jpg?wsr\",\"width\":1280,\"height\":853,\"caption\":\"Eligibilite\\u0301 cpf qui peut be\\u0301ne\\u0301ficier du dispositif\"},{\"@type\":\"WebPage\",\"@id\":\"https:\/\/www.mes-allocs.fr\/guides\/aide-formation\/compte-personnel-formation-cpf\/eligibilite-cpf\/#webpage\",\"url\":\"https:\/\/www.mes-allocs.fr\/guides\/aide-formation\/compte-personnel-formation-cpf\/eligibilite-cpf\/\",\"name\":\"Eligibilit\\u00e9 cpf : qui peut b\\u00e9n\\u00e9ficier du dispositif ? | Mes-Allocs.fr\",\"isPartOf\":{\"@id\":\"https:\/\/www.mes-allocs.fr\/guides\/#website\"},\"primaryImageOfPage\":{\"@id\":\"https:\/\/www.mes-allocs.fr\/guides\/aide-formation\/compte-personnel-formation-cpf\/eligibilite-cpf\/#primaryimage\"},\"datePublished\":\"2020-08-07T14:36:49+00:00\",\"dateModified\":\"2026-04-07T13:15:13+00:00\",\"author\":{\"@id\":\"https:\/\/www.mes-allocs.fr\/guides\/#\/schema\/person\/8d47b912c0ad15f379df96b4e4e33f58\"},\"description\":\"Vous souhaitez entreprendre une formation professionnelle ? Le compte personnel de formation cpf est un dispositif fait pour vous guider.\",\"inLanguage\":\"fr-FR\"},{\"@type\":\"Person\",\"@id\":\"https:\/\/www.mes-allocs.fr\/guides\/#\/schema\/person\/8d47b912c0ad15f379df96b4e4e33f58\",\"name\":\"Constance de Cagny\",\"image\":{\"@type\":\"ImageObject\",\"@id\":\"https:\/\/www.mes-allocs.fr\/guides\/#personlogo\",\"inLanguage\":\"fr-FR\",\"url\":\"https:\/\/www.mes-allocs.fr\/guides\/wp-content\/uploads\/2021\/06\/Constance.2e8ee0b.png\",\"caption\":\"Constance de Cagny\"},\"description\":\"Constance est r\\u00e9dactrice au sein de l'\\u00e9quipe Mes Allocs. Elle a l'habitude d'\\u00e9crire sur les sujets conso, bons plans et \\u00e9conomies. Dipl\\u00f4m\\u00e9e de l'ENACO, elle rejoint Mes Allocs apr\\u00e8s une premi\\u00e8re exp\\u00e9rience en cabinet notarial.\",\"sameAs\":[\"https:\/\/www.linkedin.com\/in\/constance-de-cagny-mayeur-bbb414135\"]}]}<\/script>\n<!-- \/ Yoast SEO plugin. -->","amp_validity":null,"acf":{"faq":{"1":{"question":"Qui est \u00e9ligible au CPF ?","answer":"Les personnes suivantes peuvent b\u00e9n\u00e9ficier du CPF :\r\n\r\n-salari\u00e9s \u00e0 temps complet et \u00e0 temps partiel.\r\n-travailleurs ind\u00e9pendants.\r\n-employ\u00e9s saisonniers.\r\n-agents publics et consulaires.\r\n-demandeurs d'emploi.\r\n-personnes handicap\u00e9es h\u00e9berg\u00e9es en \u00e9tablissement ou en service d'aide par le travail (ESAT)."},"2":{"question":"Comment rendre une formation \u00e9ligible au CPF ?","answer":"Afin de rendre leur programme \u00e9ligible au Compte formation (CPF), les organismes doivent\u00a0d\u00e9poser une demande d'enregistrement dans le R\u00e9pertoire national des certifications professionnelles (RNCP)\r\nou dans le R\u00e9pertoire sp\u00e9cifique (RS)."},"3":{"question":"C'est quoi une formation \u00e9ligible au CPF ?","answer":"Ce sont les formations qui apparaissent dans le catalogue de votre espace personnel CPF.\r\n\r\nIl s'agit de formations permettant de faire valider les acquis de l\u2019exp\u00e9rience (VAE) indiqu\u00e9s au 3\u00b0 de l\u2019article L.6313-1, de bilan de comp\u00e9tences, d'actions de formation \u00e0 destination des cr\u00e9ateurs ou repreneurs d\u2019entreprises, etc."},"4":{"question":"O\u00f9 trouver la liste des formations \u00e9ligibles au CPF ?","answer":"Sur votre compte CPF en ligne, il vous suffit d'indiquer quelques mots-cl\u00e9s et informations \u00e0 votre sujet et ces formations s'afficheront."},"5":{"question":"Quel est l'intitul\u00e9 de la formation Centaure \u00e9ligible au CPF * ?","answer":"La formation Centaure Pr\u00e9ventis CARD-PRO (Certificat d'Aptitude Routi\u00e8re aux D\u00e9placements Professionnels) est \u00e9ligible au CPF."},"6":{"question":"Comment savoir si le dipl\u00f4me est reconnu par l'\u00c9tat ?","answer":"Il suffit de se rendre sur l'annuaire du minist\u00e8re de l'\u00e9ducation nationale, afin de voir si votre dipl\u00f4me est reconnu par l'\u00c9tat."},"7":{"question":"","answer":""},"8":{"question":"","answer":""},"9":{"question":"","answer":""},"10":{"question":"","answer":""},"11":{"question":"","answer":""},"12":{"question":"","answer":""},"13":{"question":"","answer":""},"14":{"question":"","answer":""},"15":{"question":"","answer":""},"16":{"question":"","answer":""}}},"_links":{"self":[{"href":"https:\/\/www.mes-allocs.fr\/guides\/wp-json\/wp\/v2\/posts\/10259","targetHints":{"allow":["GET"]}}],"collection":[{"href":"https:\/\/www.mes-allocs.fr\/guides\/wp-json\/wp\/v2\/posts"}],"about":[{"href":"https:\/\/www.mes-allocs.fr\/guides\/wp-json\/wp\/v2\/types\/post"}],"author":[{"embeddable":true,"href":"https:\/\/www.mes-allocs.fr\/guides\/wp-json\/wp\/v2\/users\/10"}],"replies":[{"embeddable":true,"href":"https:\/\/www.mes-allocs.fr\/guides\/wp-json\/wp\/v2\/comments?post=10259"}],"version-history":[{"count":22,"href":"https:\/\/www.mes-allocs.fr\/guides\/wp-json\/wp\/v2\/posts\/10259\/revisions"}],"predecessor-version":[{"id":111677,"href":"https:\/\/www.mes-allocs.fr\/guides\/wp-json\/wp\/v2\/posts\/10259\/revisions\/111677"}],"wp:featuredmedia":[{"embeddable":true,"href":"https:\/\/www.mes-allocs.fr\/guides\/wp-json\/wp\/v2\/media\/10839"}],"wp:attachment":[{"href":"https:\/\/www.mes-allocs.fr\/guides\/wp-json\/wp\/v2\/media?parent=10259"}],"wp:term":[{"taxonomy":"category","embeddable":true,"href":"https:\/\/www.mes-allocs.fr\/guides\/wp-json\/wp\/v2\/categories?post=10259"},{"taxonomy":"post_tag","embeddable":true,"href":"https:\/\/www.mes-allocs.fr\/guides\/wp-json\/wp\/v2\/tags?post=10259"}],"curies":[{"name":"wp","href":"https:\/\/api.w.org\/{rel}","templated":true}]}}