{"id":102358,"date":"2025-08-07T15:10:52","date_gmt":"2025-08-07T13:10:52","guid":{"rendered":"https:\/\/www.mes-allocs.fr\/guides\/?p=102358"},"modified":"2026-04-22T08:32:40","modified_gmt":"2026-04-22T07:32:40","slug":"prime-internat","status":"publish","type":"post","link":"https:\/\/www.mes-allocs.fr\/guides\/bourse-etudiant\/prime-internat\/","title":{"rendered":"Prime \u00e0 l&rsquo;internat 2026 : conditions, montant, d\u00e9marches"},"content":{"rendered":"<p><img loading=\"lazy\" decoding=\"async\" class=\"alignnone wp-image-102360\" title=\"prime internat\" src=\"https:\/\/www.mes-allocs.fr\/guides\/wp-content\/uploads\/2025\/07\/prime-internat-e1752658414281-300x47.jpg\" alt=\"prime internat\" width=\"1398\" height=\"219\" srcset=\"https:\/\/www.mes-allocs.fr\/guides\/wp-content\/uploads\/2025\/07\/prime-internat-e1752658414281-300x47.jpg 300w, https:\/\/www.mes-allocs.fr\/guides\/wp-content\/uploads\/2025\/07\/prime-internat-e1752658414281-1024x161.jpg 1024w, https:\/\/www.mes-allocs.fr\/guides\/wp-content\/uploads\/2025\/07\/prime-internat-e1752658414281-768x121.jpg 768w, https:\/\/www.mes-allocs.fr\/guides\/wp-content\/uploads\/2025\/07\/prime-internat-e1752658414281-600x94.jpg 600w, https:\/\/www.mes-allocs.fr\/guides\/wp-content\/uploads\/2025\/07\/prime-internat-e1752658414281.jpg 1500w\" sizes=\"auto, (max-width: 1398px) 100vw, 1398px\" \/><\/p>\n<p>[Mis \u00e0 jour le 10\/04\/2026] La <a href=\"https:\/\/www.mes-allocs.fr\/guides\/bourse-etudiant\/\">bourse \u00e9tudiante<\/a> peut \u00eatre cumul\u00e9e avec la <b>prime \u00e0 l&rsquo;internat<\/b> pour les \u00e9l\u00e8ves boursiers scolaris\u00e9s en internat. Cette aide\u00a0 a \u00e9t\u00e9 mise en place pour r\u00e9duire le co\u00fbt de la pension, incluant ainsi les frais de logement et de restauration au sein des \u00e9tablissements scolaire, que ce soit au coll\u00e8ge ou au lyc\u00e9e pour rendre l\u2019internat plus accessible. Dans cet article, d\u00e9couvrez les conditions d\u2019\u00e9ligibilit\u00e9 de la prime \u00e0 l&rsquo;internat, son montant selon l\u2019\u00e9chelon de bourse et les d\u00e9marches n\u00e9cessaires pour en b\u00e9n\u00e9ficier.<\/p>\n<p class=\"p1\"><div class='cta-block'><div class='text'>Simulez toutes vos Aides en 2 min.<\/div><a href='https:\/\/www.mes-allocs.fr\/ab-app?origin=guides\/wp-json\/wp\/v2\/posts\/102358' class='app-button fit'>Simulation gratuite<\/a><\/div><\/p>\n<h1>Qu\u2019est-ce que la prime \u00e0 l&rsquo;internat\u202f ?<\/h1>\n<p>La prime \u00e0 l&rsquo;internat est une <b>aide financi\u00e8re <\/b>destin\u00e9e aux \u00e9l\u00e8ves boursiers qui suivent une <b>scolarit\u00e9 en internat<\/b>, que ce soit au coll\u00e8ge ou au lyc\u00e9e. Elle vise \u00e0 all\u00e9ger les frais de pension, donc les co\u00fbts li\u00e9s au logement et \u00e0 la restauration au sein de l\u2019\u00e9tablissement scolaire. En d\u2019autres termes, elle vous permet de<b> financer plus facilement les frais associ\u00e9s \u00e0 la pr\u00e9sence de votre enfant dans un internat<\/b>. Cette prime est vers\u00e9e en plusieurs fois au cours de l\u2019ann\u00e9e scolaire.<\/p>\n<h1>Quelles sont les conditions pour recevoir la prime \u00e0 l&rsquo;internat\u202fen 2026 ?<\/h1>\n<h2>Comment b\u00e9n\u00e9ficier de la prime \u00e0 l\u2019internat ?<\/h2>\n<p>Pour b\u00e9n\u00e9ficier de la prime \u00e0 l&rsquo;internat, votre enfant doit \u00eatre <b>boursier<\/b> national du coll\u00e8ge ou du lyc\u00e9e et \u00eatre scolaris\u00e9 en internat. Cette aide est r\u00e9serv\u00e9e aux \u00e9l\u00e8ves b\u00e9n\u00e9ficiant d\u00e9j\u00e0 d\u2019une bourse et ne concerne donc pas les \u00e9tudiants de l\u2019enseignement sup\u00e9rieur. Les \u00e9l\u00e8ves inscrits en internat d&rsquo;excellence ou en \u00e9tablissement r\u00e9gional d&rsquo;enseignement adapt\u00e9 (\u00c9r\u00e9a) sont aussi \u00e9ligibles.<\/p>\n<h2>Quels sont les internats \u00e9ligibles \u00e0 la prime \u00e0 l&rsquo;internat ?<\/h2>\n<p><b>Tous les internats situ\u00e9s dans les coll\u00e8ges, lyc\u00e9es publics ou priv\u00e9s habilit\u00e9s peuvent ouvrir droit \u00e0 la prime \u00e0 l\u2019internat<\/b> si votre enfant y est interne et boursier. Donc, comme mentionn\u00e9 pr\u00e9c\u00e9demment, cela inclut aussi les internats d&rsquo;excellence et les \u00e9tablissements r\u00e9gionaux d&rsquo;enseignement adapt\u00e9 (\u00c9r\u00e9a). Autrement dit, d\u00e8s que votre enfant est interne en coll\u00e8ge ou lyc\u00e9e, l\u2019\u00e9tablissement est en principe \u00e9ligible \u00e0 la prime.<\/p>\n<h2>Simulation prime \u00e0 l&rsquo;internat : comment v\u00e9rifier votre \u00e9ligibilit\u00e9 pour l&rsquo;ann\u00e9e scolaire 2026-2027 ?<\/h2>\n<p>\u00c9tant donn\u00e9 que la prime \u00e0 l\u2019internat est uniquement r\u00e9serv\u00e9e aux \u00e9l\u00e8ves boursiers, vous devez donc v\u00e9rifier que votre enfant peut b\u00e9n\u00e9ficier d\u2019une bourse nationale pour pouvoir toucher la prime. Cependant, l\u2019obtention de cette bourse est soumise \u00e0 des conditions de ressources, ce qui signifie que vous devez respecter des plafonds de revenus pour y \u00eatre \u00e9ligible.<\/p>\n<p>Ainsi, pour savoir si vous \u00eates \u00e9ligible \u00e0 la bourse nationale, et donc \u00e0 la prime \u00e0 l\u2019internat, vous devez faire une v\u00e9rification en amont de vos ressources. Pour cela, vous pouvez utiliser<b> notre simulateur<\/b> en ligne, qui vous permettra, en quelques clics, de tester votre \u00e9ligibilit\u00e9 \u00e0 la <a href=\"https:\/\/www.mes-allocs.fr\/guides\/bourse-etudiant\/bourse-crous\/\">bourse sur crit\u00e8res sociaux<\/a>.<\/p>\n<div class='cta-block'><div class='text'>Simulez toutes vos Aides en 2 min.<\/div><a href='https:\/\/www.mes-allocs.fr\/ab-app?origin=guides\/wp-json\/wp\/v2\/posts\/102358' class='app-button fit'>Simulation gratuite<\/a><\/div>\n<h1>Quel est le montant de la prime \u00e0 l&rsquo;internat en 2026 ?<\/h1>\n<p>Le montant de la prime \u00e0 l\u2019internat <b>varie selon l\u2019\u00e9chelon de bourse <\/b>dont b\u00e9n\u00e9ficie votre enfant, quel que soit son niveau scolaire (coll\u00e8ge ou lyc\u00e9e).<\/p>\n<h2>Quels sont les montants de la prime \u00e0 l&rsquo;internat pour un \u00e9l\u00e8ve au coll\u00e8ge ?<\/h2>\n<p>Les montants de la prime \u00e0 l\u2019internat pour votre enfant s\u2019il est scolaris\u00e9 au coll\u00e8ge sont les suivants :<\/p>\n\n<div class=\"wpdt-c row wpDataTableContainerSimpleTable wpDataTables wpDataTablesWrapper\n\"\n    >\n    <table id=\"wpdtSimpleTable-671\"\n           class=\"wpdtSimpleTable wpDataTable\"\n           data-column=\"2\"\n           data-rows=\"4\"\n           data-wpID=\"671\"\n           data-responsive=\"0\"\n           data-has-header=\"0\">\n\n                    <tbody>        <tr class=\"wpdt-cell-row \" >\n                            <td class=\"wpdt-cell wpdt-bold wpdt-bc-BDEBFF\"\n                                    data-cell-id=\"A1\"\n                data-col-index=\"0\"\n                data-row-index=\"0\"\n                style=\" width:39.276485788114%;                padding:10px;\"\n                >\n                                \u00c9chelon de bourse                <\/td>\n                                            <td class=\"wpdt-cell wpdt-bold wpdt-bc-BDEBFF\"\n                                    data-cell-id=\"B1\"\n                data-col-index=\"1\"\n                data-row-index=\"0\"\n                style=\" width:60.723514211886%;                padding:10px;\"\n                >\n                                Montant annuel de la prime                <\/td>\n                                        <\/tr>\n                            <tr class=\"wpdt-cell-row \" >\n                            <td class=\"wpdt-cell \"\n                                    data-cell-id=\"A2\"\n                data-col-index=\"0\"\n                data-row-index=\"1\"\n                style=\"                padding:10px;\"\n                >\n                                1                <\/td>\n                                            <td class=\"wpdt-cell \"\n                                    data-cell-id=\"B2\"\n                data-col-index=\"1\"\n                data-row-index=\"1\"\n                style=\"                padding:10px;\"\n                >\n                                327 \u20ac                <\/td>\n                                        <\/tr>\n                            <tr class=\"wpdt-cell-row \" >\n                            <td class=\"wpdt-cell \"\n                                    data-cell-id=\"A3\"\n                data-col-index=\"0\"\n                data-row-index=\"2\"\n                style=\"                padding:10px;\"\n                >\n                                2                <\/td>\n                                            <td class=\"wpdt-cell \"\n                                    data-cell-id=\"B3\"\n                data-col-index=\"1\"\n                data-row-index=\"2\"\n                style=\"                padding:10px;\"\n                >\n                                396 \u20ac                <\/td>\n                                        <\/tr>\n                            <tr class=\"wpdt-cell-row \" >\n                            <td class=\"wpdt-cell \"\n                                    data-cell-id=\"A4\"\n                data-col-index=\"0\"\n                data-row-index=\"3\"\n                style=\"                padding:10px;\"\n                >\n                                3                <\/td>\n                                            <td class=\"wpdt-cell \"\n                                    data-cell-id=\"B4\"\n                data-col-index=\"1\"\n                data-row-index=\"3\"\n                style=\"                padding:10px;\"\n                >\n                                465 \u20ac                <\/td>\n                                        <\/tr>\n                    <\/table>\n<\/div><style id='wpdt-custom-style-671'>\n.wpdt-bc-BDEBFF { background-color: #BDEBFF !important;}\n<\/style>\n\n<h2>Quels sont les montants de la prime \u00e0 l&rsquo;internat pour un \u00e9l\u00e8ve au lyc\u00e9e ?<\/h2>\n<p>En ce qui concerne les montants de la prime \u00e0 l\u2019internat pour votre enfant s\u2019il est scolaris\u00e9 au lyc\u00e9e, ils sont les suivants :<\/p>\n\n<div class=\"wpdt-c row wpDataTableContainerSimpleTable wpDataTables wpDataTablesWrapper\n\"\n    >\n    <table id=\"wpdtSimpleTable-672\"\n           class=\"wpdtSimpleTable wpDataTable\"\n           data-column=\"2\"\n           data-rows=\"7\"\n           data-wpID=\"672\"\n           data-responsive=\"0\"\n           data-has-header=\"0\">\n\n                    <tbody>        <tr class=\"wpdt-cell-row \" >\n                            <td class=\"wpdt-cell wpdt-bold wpdt-bc-BDEBFF\"\n                                    data-cell-id=\"A1\"\n                data-col-index=\"0\"\n                data-row-index=\"0\"\n                style=\" width:41.483516483516%;                padding:10px;\"\n                >\n                                \u00c9chelon de bourse                <\/td>\n                                            <td class=\"wpdt-cell wpdt-bold wpdt-bc-BDEBFF\"\n                                    data-cell-id=\"B1\"\n                data-col-index=\"1\"\n                data-row-index=\"0\"\n                style=\" width:58.516483516484%;                padding:10px;\"\n                >\n                                Montant annuel de la prime                <\/td>\n                                        <\/tr>\n                            <tr class=\"wpdt-cell-row \" >\n                            <td class=\"wpdt-cell \"\n                                    data-cell-id=\"A2\"\n                data-col-index=\"0\"\n                data-row-index=\"1\"\n                style=\"                padding:10px;\"\n                >\n                                1                <\/td>\n                                            <td class=\"wpdt-cell \"\n                                    data-cell-id=\"B2\"\n                data-col-index=\"1\"\n                data-row-index=\"1\"\n                style=\"                padding:10px;\"\n                >\n                                327 \u20ac                <\/td>\n                                        <\/tr>\n                            <tr class=\"wpdt-cell-row \" >\n                            <td class=\"wpdt-cell \"\n                                    data-cell-id=\"A3\"\n                data-col-index=\"0\"\n                data-row-index=\"2\"\n                style=\"                padding:10px;\"\n                >\n                                2                <\/td>\n                                            <td class=\"wpdt-cell \"\n                                    data-cell-id=\"B3\"\n                data-col-index=\"1\"\n                data-row-index=\"2\"\n                style=\"                padding:10px;\"\n                >\n                                396 \u20ac                <\/td>\n                                        <\/tr>\n                            <tr class=\"wpdt-cell-row \" >\n                            <td class=\"wpdt-cell \"\n                                    data-cell-id=\"A4\"\n                data-col-index=\"0\"\n                data-row-index=\"3\"\n                style=\"                padding:10px;\"\n                >\n                                3                <\/td>\n                                            <td class=\"wpdt-cell \"\n                                    data-cell-id=\"B4\"\n                data-col-index=\"1\"\n                data-row-index=\"3\"\n                style=\"                padding:10px;\"\n                >\n                                465 \u20ac                <\/td>\n                                        <\/tr>\n                            <tr class=\"wpdt-cell-row \" >\n                            <td class=\"wpdt-cell \"\n                                    data-cell-id=\"A5\"\n                data-col-index=\"0\"\n                data-row-index=\"4\"\n                style=\"                padding:10px;\"\n                >\n                                4                <\/td>\n                                            <td class=\"wpdt-cell \"\n                                    data-cell-id=\"B5\"\n                data-col-index=\"1\"\n                data-row-index=\"4\"\n                style=\"                padding:10px;\"\n                >\n                                534 \u20ac                <\/td>\n                                        <\/tr>\n                            <tr class=\"wpdt-cell-row \" >\n                            <td class=\"wpdt-cell \"\n                                    data-cell-id=\"A6\"\n                data-col-index=\"0\"\n                data-row-index=\"5\"\n                style=\"                padding:10px;\"\n                >\n                                5                <\/td>\n                                            <td class=\"wpdt-cell \"\n                                    data-cell-id=\"B6\"\n                data-col-index=\"1\"\n                data-row-index=\"5\"\n                style=\"                padding:10px;\"\n                >\n                                603 \u20ac                <\/td>\n                                        <\/tr>\n                            <tr class=\"wpdt-cell-row \" >\n                            <td class=\"wpdt-cell \"\n                                    data-cell-id=\"A7\"\n                data-col-index=\"0\"\n                data-row-index=\"6\"\n                style=\"                padding:10px;\"\n                >\n                                6                <\/td>\n                                            <td class=\"wpdt-cell \"\n                                    data-cell-id=\"B7\"\n                data-col-index=\"1\"\n                data-row-index=\"6\"\n                style=\"                padding:10px;\"\n                >\n                                672 \u20ac                <\/td>\n                                        <\/tr>\n                    <\/table>\n<\/div><style id='wpdt-custom-style-672'>\n.wpdt-bc-BDEBFF { background-color: #BDEBFF !important;}\n<\/style>\n\n<p class=\"p1\"><div class='cta-block'><div class='text'>Simulez toutes vos Aides en 2 min.<\/div><a href='https:\/\/www.mes-allocs.fr\/ab-app?origin=guides\/wp-json\/wp\/v2\/posts\/102358' class='app-button fit'>Simulation gratuite<\/a><\/div><\/p>\n<h2>Exemple concret : combien co\u00fbte r\u00e9ellement un internat apr\u00e8s la prime ?<\/h2>\n<div class='shortcode tips'><div class='title'>Exemple<\/div><div class='content'>Si votre enfant est en internat semaine au coll\u00e8ge, o\u00f9 les frais annuels s\u2019\u00e9l\u00e8vent \u00e0 <b>27 500 \u20ac<\/b> et que votre enfant est boursier au 2e \u00e9chelon, alors vous b\u00e9n\u00e9ficierez d\u2019une prime \u00e0 l\u2019internat de <b>396 \u20ac<\/b>, vers\u00e9e en d\u00e9duction des frais de pr\u00e9hension sur l\u2019ann\u00e9e scolaire. Donc, apr\u00e8s l\u2019application de cette prime, le co\u00fbt r\u00e9el de l\u2019internat pour votre foyer sera r\u00e9duit \u00e0 <b>27 104 \u20ac<\/b><\/div><\/div>\n<p>La prime internat peut couvrir plus ou moins les frais selon le type d\u2019internat que votre enfant fr\u00e9quente.<\/p>\n<h2>Comment l&rsquo;aide au frais d&rsquo;internat est-elle vers\u00e9e ?<\/h2>\n<p>La prime \u00e0 l\u2019internat est vers\u00e9e en <b>3 fois<\/b>, <b>\u00e0 chaque trimestre<\/b>, mais il ne s\u2019agit pas d\u2019un virement direct sur votre compte. Comme indiqu\u00e9 pr\u00e9c\u00e9demment, le montant de la prime est d\u00e9duit de la facture des frais de pension qui sont \u00e9mis par l\u2019\u00e9tablissement scolaire. Ainsi, \u00e0 chaque r\u00e8glement trimestriel, le montant \u00e0 payer sera d\u00e9j\u00e0 r\u00e9duit du montant de la prime correspondant \u00e0 l&rsquo;\u00e9chelon de bourse de votre enfant.<\/p>\n<h1>Quelles d\u00e9marches devez-vous effectuer pour obtenir la prime \u00e0 l&rsquo;internat ?<\/h1>\n<p>\u00c9tant donn\u00e9 que la prime \u00e0 l\u2019internat est vers\u00e9e automatiquement, vous n\u2019avez donc <b>aucune d\u00e9marche<\/b> \u00e0 faire pour l\u2019obtenir. Il vous suffit d\u2019accepter, lors de l\u2019inscription de votre enfant dans l\u2019\u00e9tablissement, l\u2019\u00e9tude automatique de votre droit \u00e0 la bourse. Si la bourse vous est attribu\u00e9e, la prime \u00e0 l\u2019internat suivra sans formalit\u00e9 en plus de votre part.<\/p>\n<h1>La prime \u00e0 l&rsquo;internat est-elle cumulable avec d\u2019autres aides ?<\/h1>\n<p>La prime \u00e0 l\u2019internat peut se cumuler avec d\u2019autres aides financi\u00e8res. Parmi les aides cumulables, on retrouve :<\/p>\n<ul>\n<li aria-level=\"1\">L\u2019<b>allocation de rentr\u00e9e scolaire<\/b> (ARS)<\/li>\n<li aria-level=\"1\">Les <b>aides pour les \u00e9l\u00e8ves inscrit dans la voie professionnelle<\/b><\/li>\n<li aria-level=\"1\">Le <b>fonds social lyc\u00e9en ou coll\u00e9gien<\/b><\/li>\n<li aria-level=\"1\">Les <b>aides pour la cantine<\/b><\/li>\n<\/ul>\n<h1>Enfant non boursier : quelle aide pour financer l\u2019internat ?<\/h1>\n<p>Si votre enfant n\u2019est pas boursier,<b> il n\u2019a pas le droit \u00e0 la prime \u00e0 l&rsquo;internat<\/b>, \u00e9tant donn\u00e9 que celle-ci est uniquement r\u00e9serv\u00e9e aux \u00e9l\u00e8ves internes boursiers et donc sous conditions de ressources. Cependant, si vous pouvez toujours solliciter le <b>fonds social coll\u00e9gien ou lyc\u00e9en<\/b>, accordez-les sur dossier apr\u00e8s une \u00e9valuation de votre situation par l\u2019\u00e9tablissement.<\/p>\n<div class='shortcode summary'><div class='title'>En r\u00e9sum\u00e9 :<\/div><div class='content'><ul><li>La prime \u00e0 l&rsquo;internat est une <b>aide financi\u00e8re<\/b> r\u00e9serv\u00e9e aux \u00e9l\u00e8ves boursiers scolaris\u00e9s<b> en internat<\/b> qui a pour but de r\u00e9duire les frais de pension dans les coll\u00e8ges et les lyc\u00e9es.<\/li><li>Vous pouvez b\u00e9n\u00e9ficier de la prime \u00e0 l\u2019internat si votre enfant est <b>boursier<\/b> et i<b>nscrit dans un internat<\/b>.<\/li><li>Le montant de la prime <b>d\u00e9pend de l\u2019\u00e9chelon de la bourse <\/b>de votre enfant, avec des <b>montants diff\u00e9rents selon si votre enfant est scolaris\u00e9 au coll\u00e8ge ou au lyc\u00e9e<\/b>.<\/li><li>La prime \u00e0 l\u2019internat est vers\u00e9e en <b>3 fois<\/b>, chaque trimestre et elle est directement d\u00e9duite des frais de pension, sans aucune d\u00e9marche en plus \u00e0 r\u00e9aliser de votre part.<\/li><li>La prime \u00e0 l\u2019internet <b>peut \u00eatre cumul\u00e9e <\/b>avec d\u2019autres aides financi\u00e8res, comme l\u2019allocation de rentr\u00e9e scolaire ou le fonds social lyc\u00e9en ou coll\u00e9gien.<\/li><\/ul><\/div><\/div>\n<p class=\"p1\"><div class='cta-block'><div class='text'>Simulez toutes vos Aides en 2 min.<\/div><a href='https:\/\/www.mes-allocs.fr\/ab-app?origin=guides\/wp-json\/wp\/v2\/posts\/102358' class='app-button fit'>Simulation gratuite<\/a><\/div><\/p>\n","protected":false},"excerpt":{"rendered":"<p>[Mis \u00e0 jour le 10\/04\/2026] La bourse \u00e9tudiante peut \u00eatre cumul\u00e9e avec la prime \u00e0 l&rsquo;internat pour les \u00e9l\u00e8ves boursiers scolaris\u00e9s en internat. Cette aide\u00a0 a \u00e9t\u00e9 mise en place pour r\u00e9duire le co\u00fbt de la pension, incluant ainsi les frais de logement et de restauration au sein des \u00e9tablissements scolaire, que ce soit au [&hellip;]<\/p>\n","protected":false},"author":31,"featured_media":102359,"comment_status":"open","ping_status":"open","sticky":false,"template":"","format":"standard","meta":{"amp_status":"","footnotes":""},"categories":[27],"tags":[],"class_list":["post-102358","post","type-post","status-publish","format-standard","has-post-thumbnail","hentry","category-bourse-etudiant"],"yoast_head":"<!-- This site is optimized with the Yoast SEO plugin v14.9 - https:\/\/yoast.com\/wordpress\/plugins\/seo\/ -->\n<title>Prime \u00e0 l&#039;internat 2026 : conditions, montant, d\u00e9marches | Mes-Allocs.fr<\/title>\n<meta name=\"description\" content=\"La prime \u00e0 l&#039;internat est cumulable avec la bourse \u00e9tudiante et permet de r\u00e9duire les frais de pension pour les \u00e9l\u00e8ves boursiers en internat.\" \/>\n<meta name=\"robots\" content=\"index, follow, max-snippet:-1, max-image-preview:large, max-video-preview:-1\" \/>\n<link rel=\"canonical\" href=\"https:\/\/www.mes-allocs.fr\/guides\/bourse-etudiant\/prime-internat\/\" \/>\n<meta property=\"og:locale\" content=\"fr_FR\" \/>\n<meta property=\"og:type\" content=\"article\" \/>\n<meta property=\"og:title\" content=\"Prime \u00e0 l&#039;internat 2026 : conditions, montant, d\u00e9marches | Mes-Allocs.fr\" \/>\n<meta property=\"og:description\" content=\"La prime \u00e0 l&#039;internat est cumulable avec la bourse \u00e9tudiante et permet de r\u00e9duire les frais de pension pour les \u00e9l\u00e8ves boursiers en internat.\" \/>\n<meta property=\"og:url\" content=\"https:\/\/www.mes-allocs.fr\/guides\/bourse-etudiant\/prime-internat\/\" \/>\n<meta property=\"og:site_name\" content=\"Mes-Allocs.fr\" \/>\n<meta property=\"article:published_time\" content=\"2025-08-07T13:10:52+00:00\" \/>\n<meta property=\"article:modified_time\" content=\"2026-04-22T07:32:40+00:00\" \/>\n<meta property=\"og:image\" content=\"https:\/\/www.mes-allocs.fr\/guides\/wp-content\/uploads\/2025\/07\/internat-prime.jpg?wsr\" \/>\n\t<meta property=\"og:image:width\" content=\"1500\" \/>\n\t<meta property=\"og:image:height\" content=\"1001\" \/>\n<meta name=\"twitter:card\" content=\"summary_large_image\" \/>\n<script type=\"application\/ld+json\" class=\"yoast-schema-graph\">{\"@context\":\"https:\/\/schema.org\",\"@graph\":[{\"@type\":\"WebSite\",\"@id\":\"https:\/\/www.mes-allocs.fr\/guides\/#website\",\"url\":\"https:\/\/www.mes-allocs.fr\/guides\/\",\"name\":\"Mes-Allocs.fr\",\"description\":\"\",\"potentialAction\":[{\"@type\":\"SearchAction\",\"target\":\"https:\/\/www.mes-allocs.fr\/guides\/?s={search_term_string}\",\"query-input\":\"required name=search_term_string\"}],\"inLanguage\":\"fr-FR\"},{\"@type\":\"ImageObject\",\"@id\":\"https:\/\/www.mes-allocs.fr\/guides\/bourse-etudiant\/prime-internat\/#primaryimage\",\"inLanguage\":\"fr-FR\",\"url\":\"https:\/\/www.mes-allocs.fr\/guides\/wp-content\/uploads\/2025\/07\/internat-prime.jpg?wsr\",\"width\":1500,\"height\":1001,\"caption\":\"internat prime\"},{\"@type\":\"WebPage\",\"@id\":\"https:\/\/www.mes-allocs.fr\/guides\/bourse-etudiant\/prime-internat\/#webpage\",\"url\":\"https:\/\/www.mes-allocs.fr\/guides\/bourse-etudiant\/prime-internat\/\",\"name\":\"Prime \\u00e0 l'internat 2026 : conditions, montant, d\\u00e9marches | Mes-Allocs.fr\",\"isPartOf\":{\"@id\":\"https:\/\/www.mes-allocs.fr\/guides\/#website\"},\"primaryImageOfPage\":{\"@id\":\"https:\/\/www.mes-allocs.fr\/guides\/bourse-etudiant\/prime-internat\/#primaryimage\"},\"datePublished\":\"2025-08-07T13:10:52+00:00\",\"dateModified\":\"2026-04-22T07:32:40+00:00\",\"author\":{\"@id\":\"https:\/\/www.mes-allocs.fr\/guides\/#\/schema\/person\/4f115680446d9e6de360142157ca671d\"},\"description\":\"La prime \\u00e0 l'internat est cumulable avec la bourse \\u00e9tudiante et permet de r\\u00e9duire les frais de pension pour les \\u00e9l\\u00e8ves boursiers en internat.\",\"inLanguage\":\"fr-FR\"},{\"@type\":\"Person\",\"@id\":\"https:\/\/www.mes-allocs.fr\/guides\/#\/schema\/person\/4f115680446d9e6de360142157ca671d\",\"name\":\"Miangaly Ramasindray\",\"image\":{\"@type\":\"ImageObject\",\"@id\":\"https:\/\/www.mes-allocs.fr\/guides\/#personlogo\",\"inLanguage\":\"fr-FR\",\"url\":\"https:\/\/www.mes-allocs.fr\/guides\/wp-content\/uploads\/2024\/10\/Miangaly_Ramasindray-150x150.jpeg\",\"caption\":\"Miangaly Ramasindray\"},\"description\":\"Miangaly est r\\u00e9dactrice web sp\\u00e9cialis\\u00e9e sur les sujets de pouvoir d'achat. Elle rejoint Mes Allocs en 2024 apr\\u00e8s une premi\\u00e8re exp\\u00e9rience en marketing chez DMI.\",\"sameAs\":[\"https:\/\/www.linkedin.com\/in\/miangaly-ramasindray\/\"]}]}<\/script>\n<!-- \/ Yoast SEO plugin. -->","amp_validity":null,"acf":{"faq":{"1":{"question":"Quel est le montant de la prime \u00e0 l'internat ?","answer":"Le montant d\u00e9pend de l\u2019\u00e9chelon de bourse\u202f. Il va de 327 \u20ac \u00e0 465 \u20ac par an pour un coll\u00e9gien et de 327 \u20ac \u00e0 672 \u20ac par an pour un lyc\u00e9en, la somme \u00e9tant directement d\u00e9duite des frais de pension."},"2":{"question":"Quelles aides pour un enfant en internat ?","answer":"Pour un enfant en internat, les principales aides sont la prime \u00e0 l\u2019internat, la bourse de coll\u00e8ge ou de lyc\u00e9e, le fonds social coll\u00e9gien ou lyc\u00e9en en cas de difficult\u00e9s financi\u00e8res."},"3":{"question":"Quelle est la diff\u00e9rence entre internat et pensionnat ?","answer":"La diff\u00e9rence principale est que l'internat est une structure int\u00e9gr\u00e9e \u00e0 un \u00e9tablissement scolaire qui accueille des \u00e9l\u00e8ves internes et externes, tandis que le pensionnat est un \u00e9tablissement ind\u00e9pendant o\u00f9 tous les \u00e9l\u00e8ves vivent en pension compl\u00e8te."},"4":{"question":"Quel est le tarif moyen d'un internat ?","answer":"Le tarif moyen pour un internat est de 1 600 \u20ac."},"5":{"question":"Comment savoir l'\u00e9chelon de la bourse ?","answer":"Pour savoir votre \u00e9chellon de bourse, vous pouvez utiliser notre simulateur en ligne. "},"6":{"question":"Pourquoi n'ai-je pas re\u00e7u la bourse du lyc\u00e9e ?","answer":"Un retard peut avoir lieu si vous avez envoy\u00e9 tardivement votre dossier au CROUS ou encore si un flux important de demandes \u00e0 lieu pour les aides du CROUS. Le probl\u00e8me peut aussi \u00eatre technique."},"7":{"question":"","answer":""},"8":{"question":"","answer":""},"9":{"question":"","answer":""},"10":{"question":"","answer":""},"11":{"question":"","answer":""},"12":{"question":"","answer":""},"13":{"question":"","answer":""},"14":{"question":"","answer":""},"15":{"question":"","answer":""},"16":{"question":"","answer":""}}},"_links":{"self":[{"href":"https:\/\/www.mes-allocs.fr\/guides\/wp-json\/wp\/v2\/posts\/102358","targetHints":{"allow":["GET"]}}],"collection":[{"href":"https:\/\/www.mes-allocs.fr\/guides\/wp-json\/wp\/v2\/posts"}],"about":[{"href":"https:\/\/www.mes-allocs.fr\/guides\/wp-json\/wp\/v2\/types\/post"}],"author":[{"embeddable":true,"href":"https:\/\/www.mes-allocs.fr\/guides\/wp-json\/wp\/v2\/users\/31"}],"replies":[{"embeddable":true,"href":"https:\/\/www.mes-allocs.fr\/guides\/wp-json\/wp\/v2\/comments?post=102358"}],"version-history":[{"count":7,"href":"https:\/\/www.mes-allocs.fr\/guides\/wp-json\/wp\/v2\/posts\/102358\/revisions"}],"predecessor-version":[{"id":112064,"href":"https:\/\/www.mes-allocs.fr\/guides\/wp-json\/wp\/v2\/posts\/102358\/revisions\/112064"}],"wp:featuredmedia":[{"embeddable":true,"href":"https:\/\/www.mes-allocs.fr\/guides\/wp-json\/wp\/v2\/media\/102359"}],"wp:attachment":[{"href":"https:\/\/www.mes-allocs.fr\/guides\/wp-json\/wp\/v2\/media?parent=102358"}],"wp:term":[{"taxonomy":"category","embeddable":true,"href":"https:\/\/www.mes-allocs.fr\/guides\/wp-json\/wp\/v2\/categories?post=102358"},{"taxonomy":"post_tag","embeddable":true,"href":"https:\/\/www.mes-allocs.fr\/guides\/wp-json\/wp\/v2\/tags?post=102358"}],"curies":[{"name":"wp","href":"https:\/\/api.w.org\/{rel}","templated":true}]}}