{"id":102234,"date":"2025-07-17T13:03:43","date_gmt":"2025-07-17T11:03:43","guid":{"rendered":"https:\/\/www.mes-allocs.fr\/guides\/?p=102234"},"modified":"2026-04-22T08:32:41","modified_gmt":"2026-04-22T07:32:41","slug":"fonction-publique-report-conges-annuels","status":"publish","type":"post","link":"https:\/\/www.mes-allocs.fr\/guides\/aides-sociales\/report-conge-paye\/fonction-publique-report-conges-annuels\/","title":{"rendered":"Report cong\u00e9s annuels fonction publique : ce qui change en 2025"},"content":{"rendered":"<p><img loading=\"lazy\" decoding=\"async\" class=\"alignnone wp-image-102200\" title=\"fonction publique report conges annuels\" src=\"https:\/\/www.mes-allocs.fr\/guides\/wp-content\/uploads\/2025\/07\/fonction-publique-report-conges-annuels-e1752571679968-300x48.jpg\" alt=\"fonction publique report conges annuels\" width=\"1369\" height=\"219\" srcset=\"https:\/\/www.mes-allocs.fr\/guides\/wp-content\/uploads\/2025\/07\/fonction-publique-report-conges-annuels-e1752571679968-300x48.jpg 300w, https:\/\/www.mes-allocs.fr\/guides\/wp-content\/uploads\/2025\/07\/fonction-publique-report-conges-annuels-e1752571679968-1024x164.jpg 1024w, https:\/\/www.mes-allocs.fr\/guides\/wp-content\/uploads\/2025\/07\/fonction-publique-report-conges-annuels-e1752571679968-768x123.jpg 768w, https:\/\/www.mes-allocs.fr\/guides\/wp-content\/uploads\/2025\/07\/fonction-publique-report-conges-annuels-e1752571679968-600x96.jpg 600w, https:\/\/www.mes-allocs.fr\/guides\/wp-content\/uploads\/2025\/07\/fonction-publique-report-conges-annuels-e1752571679968.jpg 1500w\" sizes=\"auto, (max-width: 1369px) 100vw, 1369px\" \/><\/p>\n<p>Depuis le 1er juillet 2025, les r\u00e8gles de <b>report des cong\u00e9s annuels dans la fonction publique <\/b>ont \u00e9t\u00e9 modifi\u00e9es. Si vous n\u2019avez pas pu prendre vos cong\u00e9s pour des raisons de sant\u00e9 ou de responsabilit\u00e9s familiales, vous pouvez maintenant faire un <a href=\"https:\/\/www.mes-allocs.fr\/guides\/aides-sociales\/report-conge-paye\/\">report de cong\u00e9s pay\u00e9s<\/a> automatiquement. Cette nouvelle mesure vous permet de conserver vos jours non pris sans les perdre \u00e0 la fin de l\u2019ann\u00e9e. Dans cet article, d\u00e9couvrez les nouvelles conditions de report et les cas applicables.<\/p>\n<p class=\"p1\"><div class='cta-block'><div class='text'>Simulez toutes vos Aides en 2 min.<\/div><a href='https:\/\/www.mes-allocs.fr\/ab-app?origin=guides\/wp-json\/wp\/v2\/posts\/102234' class='app-button fit'>Simulation gratuite<\/a><\/div><\/p>\n<h1>Qu\u2019est-ce qu\u2019un report des cong\u00e9s annuels ?<\/h1>\n<p>Le report des cong\u00e9s annuels signifie que les jours de cong\u00e9s pay\u00e9s que vous avez acquis mais que vous n\u2019avez pas pu prendre dans la p\u00e9riode pr\u00e9vue <b>peuvent \u00eatre utilis\u00e9s plus tard<\/b>, sous certaines conditions. En principe, les cong\u00e9s doivent \u00eatre pris pendant une p\u00e9riode d\u00e9finie. Cependant, si vous vous trouvez dans l\u2019impossibilit\u00e9 de prendre vos cong\u00e9s, vous pouvez <b>reporter<\/b> ces cong\u00e9s.<\/p>\n<h1>Quelles sont les r\u00e8gles de report des cong\u00e9s annuels dans la fonction publique ?<\/h1>\n<h2>Quelles sont les bases du droit aux cong\u00e9s annuels dans la fonction publique ?<\/h2>\n<p>En tant qu\u2019agent public, vous pouvez b\u00e9n\u00e9ficier chaque ann\u00e9e de jours de cong\u00e9s annuels proportionnels \u00e0 votre dur\u00e9e de service. Pour une ann\u00e9e compl\u00e8te, le droit est fix\u00e9 \u00e0 <b>5 fois votre dur\u00e9e hebdomadaire de service <\/b>donc pour un temps plein sur 5 jours par semaine, cela repr\u00e9sente <b>25 jours de cong\u00e9s annuels<\/b>. L\u2019organisation et la prise de ces cong\u00e9s rel\u00e8vent g\u00e9n\u00e9ralement de votre administration, mais vous devez, en principe, les utiliser dans l\u2019ann\u00e9e civile.<\/p>\n<h2>Quelles sont les nouvelles r\u00e8gles du report des cong\u00e9s pay\u00e9s dans la fonction publique ?<\/h2>\n<p>Depuis le 1er juillet 2025, les r\u00e8gles de report des cong\u00e9s pay\u00e9s dans la fonction publique ont \u00e9t\u00e9 <b>assouplies<\/b>. Si vous n\u2019avez pas pu prendre vos cong\u00e9s annuels parce que vous \u00e9tiez en <b>arr\u00eat maladie<\/b>, en <b>cong\u00e9 maternit\u00e9<\/b>, <b>paternit\u00e9<\/b> ou en<b> cong\u00e9 parental<\/b>, vous avez d\u00e9sormais le droit de les reporter automatiquement. Ce report est possible pendant <b>15 mois <\/b>\u00e0 partir de la date de votre reprise de travail.<\/p>\n<p>Dans le cas d\u2019un arr\u00eat maladie, le report est limit\u00e9 \u00e0<b> 4 semaines <\/b>de cong\u00e9s par an, soit 20 jours ouvr\u00e9s.<\/p>\n<p>Ces cong\u00e9s<b> ne sont donc plus perdus <\/b>automatiquement en fin d\u2019ann\u00e9e car vous avez plus de temps pour les poser. Si vous quittez votre poste dans la fonction publique sans avoir pu les utiliser, vous pouvez m\u00eame \u00eatre <b>indemnis\u00e9<\/b> pour les jours restants.<\/p>\n<h2>Que deviennent les cong\u00e9s non pris \u00e0 la fin de l\u2019ann\u00e9e dans la fonction publique ?<\/h2>\n<p>Ainsi, si vous n\u2019avez pas pu prendre vos cong\u00e9s annuels, vous avez d\u00e9sormais le droit de <b>reporter automatiquement <\/b>ces jours non pris. Ce report est valable jusqu\u2019\u00e0 15 mois \u00e0 partir de votre reprise de fonctions. En dehors des cas de maladie ou de cong\u00e9 familial, les cong\u00e9s non pris en fin d\u2019ann\u00e9e peuvent \u00eatre report\u00e9s uniquement avec l&rsquo;accord exceptionnel de l\u2019administration.<\/p>\n<p class=\"p1\"><div class='cta-block'><div class='text'>Simulez toutes vos Aides en 2 min.<\/div><a href='https:\/\/www.mes-allocs.fr\/ab-app?origin=guides\/wp-json\/wp\/v2\/posts\/102234' class='app-button fit'>Simulation gratuite<\/a><\/div><\/p>\n<h1>Quels sont les cas de report automatique des cong\u00e9s annuels dans la fonction publique ?<\/h1>\n<h2>Dans quels cas le report de cong\u00e9s annuels est automatique dans la fonction publique ?<\/h2>\n<p>Le report automatique des cong\u00e9s annuels dans la fonction publique s\u2019applique si vous n\u2019avez pas pu prendre vos cong\u00e9s dans l\u2019ann\u00e9e en raison :<\/p>\n<ul>\n<li aria-level=\"1\">D\u2019un <b>cong\u00e9 pour raison de sant\u00e9.<\/b><\/li>\n<li aria-level=\"1\">D\u2019un <b>cong\u00e9 li\u00e9 aux responsabilit\u00e9s parentales ou familiales.\u00a0<\/b><\/li>\n<\/ul>\n<h2>Quelles sont les limites du report automatique ?<\/h2>\n<p>Le report automatique des cong\u00e9s annuels dans la fonction publique est limit\u00e9 \u00e0 une p\u00e9riode de <b>15 mois <\/b>\u00e0 partir de la reprise de vos fonctions. Pour les cong\u00e9s non pris pour raison de sant\u00e9, vous pouvez, comme indiqu\u00e9 pr\u00e9c\u00e9demment, les reporter jusqu\u2019\u00e0 4 semaines par an. Vos jours non pris sont donc conserv\u00e9s et doivent \u00eatre pris dans les 15 mois suivant la reprise du travail, dans la limite de 4 semaines pour les arr\u00eats maladie.<\/p>\n<h1>Comment demander le report automatique dans la fonction publique ?<\/h1>\n<p>Pour b\u00e9n\u00e9ficier du report <b>automatique<\/b> des cong\u00e9s annuels dans la fonction publique , vous n\u2019avez aucune d\u00e9marche \u00e0 faire lorsque la non-prise de vos cong\u00e9s est li\u00e9e \u00e0 un cong\u00e9 pour raison de sant\u00e9 ou \u00e0 une responsabilit\u00e9 parentale ou familiale. Le report de vos jours non pris <b>s\u2019applique directement<\/b>.<\/p>\n<h1>Que deviennent les cong\u00e9s acquis pendant un cong\u00e9 maladie ou parental ?<\/h1>\n<p><b>Vous ne perdez plus automatiquement ces cong\u00e9s <\/b>si vous n\u2019avez pas pu les prendre \u00e0 cause d\u2019un arr\u00eat maladie, d\u2019un cong\u00e9 parental ou familial. Comme indiqu\u00e9 pr\u00e9c\u00e9demment, ces jours sont automatiquement report\u00e9s et restent disponibles pendant une p\u00e9riode de 15 mois \u00e0 compter de votre reprise de fonctions ou, au plus tard, du 31 d\u00e9cembre de l\u2019ann\u00e9e concern\u00e9e.<\/p>\n<p>Si la p\u00e9riode de report expire sans que vous ayez pu utiliser ces cong\u00e9s, ils sont alors perdus, sauf en cas de d\u00e9part d\u00e9finitif o\u00f9 une indemnisation est possible dans les m\u00eames limites.<\/p>\n<div class='shortcode summary'><div class='title'>En r\u00e9sum\u00e9 :<\/div><div class='content'><ul><li>Depuis le 1er juillet 2025, les agents publics peuvent d\u00e9sormais <b>reporter automatiquement <\/b>leurs cong\u00e9s non pris, en raison de maladie ou de responsabilit\u00e9s familiales,<b> jusqu\u2019\u00e0 15 mois <\/b>apr\u00e8s la reprise de leurs fonctions.<\/li><li>Le report des cong\u00e9s se fait de fa\u00e7on <b>automatique<\/b> seulement en cas de raisons de sant\u00e9 ou pour raison familiale.<\/li><\/ul><\/div><\/div>\n<p class=\"p1\"><div class='cta-block'><div class='text'>Simulez toutes vos Aides en 2 min.<\/div><a href='https:\/\/www.mes-allocs.fr\/ab-app?origin=guides\/wp-json\/wp\/v2\/posts\/102234' class='app-button fit'>Simulation gratuite<\/a><\/div><\/p>\n","protected":false},"excerpt":{"rendered":"<p>Depuis le 1er juillet 2025, les r\u00e8gles de report des cong\u00e9s annuels dans la fonction publique ont \u00e9t\u00e9 modifi\u00e9es. Si vous n\u2019avez pas pu prendre vos cong\u00e9s pour des raisons de sant\u00e9 ou de responsabilit\u00e9s familiales, vous pouvez maintenant faire un report de cong\u00e9s pay\u00e9s automatiquement. Cette nouvelle mesure vous permet de conserver vos jours [&hellip;]<\/p>\n","protected":false},"author":31,"featured_media":102201,"comment_status":"open","ping_status":"open","sticky":false,"template":"","format":"standard","meta":{"amp_status":"","footnotes":""},"categories":[1411,55699],"tags":[],"class_list":["post-102234","post","type-post","status-publish","format-standard","has-post-thumbnail","hentry","category-aides-sociales","category-report-conge-paye"],"yoast_head":"<!-- This site is optimized with the Yoast SEO plugin v14.9 - https:\/\/yoast.com\/wordpress\/plugins\/seo\/ -->\n<title>Report cong\u00e9s annuels fonction publique : ce qui change en 2025<\/title>\n<meta name=\"description\" content=\"Depuis le 1er juillet 2025, les r\u00e8gles de report des cong\u00e9s annuels dans la fonction publique ont chang\u00e9. D\u00e9couvrez les nouvelles r\u00e8gles.\" \/>\n<meta name=\"robots\" content=\"index, follow, max-snippet:-1, max-image-preview:large, max-video-preview:-1\" \/>\n<link rel=\"canonical\" href=\"https:\/\/www.mes-allocs.fr\/guides\/aides-sociales\/report-conge-paye\/fonction-publique-report-conges-annuels\/\" \/>\n<meta property=\"og:locale\" content=\"fr_FR\" \/>\n<meta property=\"og:type\" content=\"article\" \/>\n<meta property=\"og:title\" content=\"Report cong\u00e9s annuels fonction publique : ce qui change en 2025\" \/>\n<meta property=\"og:description\" content=\"Depuis le 1er juillet 2025, les r\u00e8gles de report des cong\u00e9s annuels dans la fonction publique ont chang\u00e9. D\u00e9couvrez les nouvelles r\u00e8gles.\" \/>\n<meta property=\"og:url\" content=\"https:\/\/www.mes-allocs.fr\/guides\/aides-sociales\/report-conge-paye\/fonction-publique-report-conges-annuels\/\" \/>\n<meta property=\"og:site_name\" content=\"Mes-Allocs.fr\" \/>\n<meta property=\"article:published_time\" content=\"2025-07-17T11:03:43+00:00\" \/>\n<meta property=\"article:modified_time\" content=\"2026-04-22T07:32:41+00:00\" \/>\n<meta property=\"og:image\" content=\"https:\/\/www.mes-allocs.fr\/guides\/wp-content\/uploads\/2025\/07\/report-conges-annuel-fonction-publique.jpg?wsr\" \/>\n\t<meta property=\"og:image:width\" content=\"1500\" \/>\n\t<meta property=\"og:image:height\" content=\"1001\" \/>\n<meta name=\"twitter:card\" content=\"summary_large_image\" \/>\n<script type=\"application\/ld+json\" class=\"yoast-schema-graph\">{\"@context\":\"https:\/\/schema.org\",\"@graph\":[{\"@type\":\"WebSite\",\"@id\":\"https:\/\/www.mes-allocs.fr\/guides\/#website\",\"url\":\"https:\/\/www.mes-allocs.fr\/guides\/\",\"name\":\"Mes-Allocs.fr\",\"description\":\"\",\"potentialAction\":[{\"@type\":\"SearchAction\",\"target\":\"https:\/\/www.mes-allocs.fr\/guides\/?s={search_term_string}\",\"query-input\":\"required name=search_term_string\"}],\"inLanguage\":\"fr-FR\"},{\"@type\":\"ImageObject\",\"@id\":\"https:\/\/www.mes-allocs.fr\/guides\/aides-sociales\/report-conge-paye\/fonction-publique-report-conges-annuels\/#primaryimage\",\"inLanguage\":\"fr-FR\",\"url\":\"https:\/\/www.mes-allocs.fr\/guides\/wp-content\/uploads\/2025\/07\/report-conges-annuel-fonction-publique.jpg?wsr\",\"width\":1500,\"height\":1001,\"caption\":\"report conges annuel fonction publique\"},{\"@type\":\"WebPage\",\"@id\":\"https:\/\/www.mes-allocs.fr\/guides\/aides-sociales\/report-conge-paye\/fonction-publique-report-conges-annuels\/#webpage\",\"url\":\"https:\/\/www.mes-allocs.fr\/guides\/aides-sociales\/report-conge-paye\/fonction-publique-report-conges-annuels\/\",\"name\":\"Report cong\\u00e9s annuels fonction publique : ce qui change en 2025\",\"isPartOf\":{\"@id\":\"https:\/\/www.mes-allocs.fr\/guides\/#website\"},\"primaryImageOfPage\":{\"@id\":\"https:\/\/www.mes-allocs.fr\/guides\/aides-sociales\/report-conge-paye\/fonction-publique-report-conges-annuels\/#primaryimage\"},\"datePublished\":\"2025-07-17T11:03:43+00:00\",\"dateModified\":\"2026-04-22T07:32:41+00:00\",\"author\":{\"@id\":\"https:\/\/www.mes-allocs.fr\/guides\/#\/schema\/person\/4f115680446d9e6de360142157ca671d\"},\"description\":\"Depuis le 1er juillet 2025, les r\\u00e8gles de report des cong\\u00e9s annuels dans la fonction publique ont chang\\u00e9. D\\u00e9couvrez les nouvelles r\\u00e8gles.\",\"inLanguage\":\"fr-FR\"},{\"@type\":\"Person\",\"@id\":\"https:\/\/www.mes-allocs.fr\/guides\/#\/schema\/person\/4f115680446d9e6de360142157ca671d\",\"name\":\"Miangaly Ramasindray\",\"image\":{\"@type\":\"ImageObject\",\"@id\":\"https:\/\/www.mes-allocs.fr\/guides\/#personlogo\",\"inLanguage\":\"fr-FR\",\"url\":\"https:\/\/www.mes-allocs.fr\/guides\/wp-content\/uploads\/2024\/10\/Miangaly_Ramasindray-150x150.jpeg\",\"caption\":\"Miangaly Ramasindray\"},\"description\":\"Miangaly est r\\u00e9dactrice web sp\\u00e9cialis\\u00e9e sur les sujets de pouvoir d'achat. Elle rejoint Mes Allocs en 2024 apr\\u00e8s une premi\\u00e8re exp\\u00e9rience en marketing chez DMI.\",\"sameAs\":[\"https:\/\/www.linkedin.com\/in\/miangaly-ramasindray\/\"]}]}<\/script>\n<!-- \/ Yoast SEO plugin. -->","amp_validity":null,"acf":{"faq":{"1":{"question":"Combien de jours de cong\u00e9s pay\u00e9s peut-on reporter ?","answer":"Vous pouvez reporter vos cong\u00e9s pay\u00e9s non pris pendant une dur\u00e9e minimale de 15 mois, mais uniquement avec l\u2019accord de votre employeur. Sinon, ils sont g\u00e9n\u00e9ralement perdus apr\u00e8s la p\u00e9riode l\u00e9gale pour les prendre."},"2":{"question":"Est-il possible de reporter des jours de cong\u00e9s annuels non pris sur l'ann\u00e9e suivante ?","answer":"Oui, il est possible de reporter des jours de cong\u00e9s annuels non pris sur l'ann\u00e9e suivante, mais uniquement avec l\u2019accord de votre employeur ou dans certains cas sp\u00e9cifiques comme un cong\u00e9 maternit\u00e9, adoption ou maladie."},"3":{"question":"Quels jours de cong\u00e9 peut-on reporter ?","answer":"Vous pouvez reporter uniquement les cong\u00e9s pay\u00e9s non pris durant la p\u00e9riode l\u00e9gale de prise."},"4":{"question":"Est-il possible de ne pas prendre ses cong\u00e9s pay\u00e9s ?","answer":"Non, il n'est pas possible de ne pas prendre ses cong\u00e9s pay\u00e9s\u202f: ils doivent obligatoirement \u00eatre pos\u00e9s pendant la p\u00e9riode de r\u00e9f\u00e9rence, sauf exceptions ou accord avec l'employeur, auquel cas un report peut \u00eatre envisag\u00e9."},"5":{"question":"Quel est le d\u00e9lai pour reporter des cong\u00e9s pay\u00e9s non pris ?","answer":"Le d\u00e9lai l\u00e9gal pour reporter des cong\u00e9s pay\u00e9s non pris est 15 mois minimum, \u00e0 compter de la date \u00e0 laquelle l\u2019employeur vous informe."},"6":{"question":"Quelles sont les circonstances exceptionnelles pour annuler des cong\u00e9s ?","answer":"Les circonstances exceptionnelles permettant \u00e0 l\u2019employeur d\u2019annuler des cong\u00e9s d\u00e9j\u00e0 accord\u00e9s sont, par exemple, le d\u00e9c\u00e8s d\u2019un salari\u00e9 n\u00e9cessitant un remplacement, une commande importante et impr\u00e9vue indispensable pour la survie de l\u2019entreprise, ou la mise en redressement judiciaire."},"7":{"question":"","answer":""},"8":{"question":"","answer":""},"9":{"question":"","answer":""},"10":{"question":"","answer":""},"11":{"question":"","answer":""},"12":{"question":"","answer":""},"13":{"question":"","answer":""},"14":{"question":"","answer":""},"15":{"question":"","answer":""},"16":{"question":"","answer":""}}},"_links":{"self":[{"href":"https:\/\/www.mes-allocs.fr\/guides\/wp-json\/wp\/v2\/posts\/102234","targetHints":{"allow":["GET"]}}],"collection":[{"href":"https:\/\/www.mes-allocs.fr\/guides\/wp-json\/wp\/v2\/posts"}],"about":[{"href":"https:\/\/www.mes-allocs.fr\/guides\/wp-json\/wp\/v2\/types\/post"}],"author":[{"embeddable":true,"href":"https:\/\/www.mes-allocs.fr\/guides\/wp-json\/wp\/v2\/users\/31"}],"replies":[{"embeddable":true,"href":"https:\/\/www.mes-allocs.fr\/guides\/wp-json\/wp\/v2\/comments?post=102234"}],"version-history":[{"count":4,"href":"https:\/\/www.mes-allocs.fr\/guides\/wp-json\/wp\/v2\/posts\/102234\/revisions"}],"predecessor-version":[{"id":102473,"href":"https:\/\/www.mes-allocs.fr\/guides\/wp-json\/wp\/v2\/posts\/102234\/revisions\/102473"}],"wp:featuredmedia":[{"embeddable":true,"href":"https:\/\/www.mes-allocs.fr\/guides\/wp-json\/wp\/v2\/media\/102201"}],"wp:attachment":[{"href":"https:\/\/www.mes-allocs.fr\/guides\/wp-json\/wp\/v2\/media?parent=102234"}],"wp:term":[{"taxonomy":"category","embeddable":true,"href":"https:\/\/www.mes-allocs.fr\/guides\/wp-json\/wp\/v2\/categories?post=102234"},{"taxonomy":"post_tag","embeddable":true,"href":"https:\/\/www.mes-allocs.fr\/guides\/wp-json\/wp\/v2\/tags?post=102234"}],"curies":[{"name":"wp","href":"https:\/\/api.w.org\/{rel}","templated":true}]}}