{"id":10153,"date":"2020-07-31T07:38:37","date_gmt":"2020-07-31T07:38:37","guid":{"rendered":"https:\/\/www.mes-allocs.fr\/guides\/?p=10153"},"modified":"2026-04-07T14:15:28","modified_gmt":"2026-04-07T13:15:28","slug":"compteur-cpf","status":"publish","type":"post","link":"https:\/\/www.mes-allocs.fr\/guides\/aide-formation\/compte-personnel-formation-cpf\/compteur-cpf\/","title":{"rendered":"Comment est aliment\u00e9 le compteur cpf ?"},"content":{"rendered":"<p class=\"nVcaUb\" style=\"text-align: justify;\"><strong><a href=\"https:\/\/www.mes-allocs.fr\/guides\/wp-content\/uploads\/2020\/07\/Comment-est-alimente\u0301-le-compteur-cpf-s.jpg\"><img loading=\"lazy\" decoding=\"async\" class=\"aligncenter wp-image-10613 size-full\" src=\"https:\/\/www.mes-allocs.fr\/guides\/wp-content\/uploads\/2020\/07\/Comment-est-alimente\u0301-le-compteur-cpf-s-e1596023865437.jpg\" alt=\"Comment est alimente\u0301 le compteur cpf ?s\" width=\"1280\" height=\"348\" srcset=\"https:\/\/www.mes-allocs.fr\/guides\/wp-content\/uploads\/2020\/07\/Comment-est-alimente\u0301-le-compteur-cpf-s-e1596023865437.jpg 1280w, https:\/\/www.mes-allocs.fr\/guides\/wp-content\/uploads\/2020\/07\/Comment-est-alimente\u0301-le-compteur-cpf-s-e1596023865437-300x82.jpg 300w, https:\/\/www.mes-allocs.fr\/guides\/wp-content\/uploads\/2020\/07\/Comment-est-alimente\u0301-le-compteur-cpf-s-e1596023865437-1024x278.jpg 1024w, https:\/\/www.mes-allocs.fr\/guides\/wp-content\/uploads\/2020\/07\/Comment-est-alimente\u0301-le-compteur-cpf-s-e1596023865437-768x209.jpg 768w, https:\/\/www.mes-allocs.fr\/guides\/wp-content\/uploads\/2020\/07\/Comment-est-alimente\u0301-le-compteur-cpf-s-e1596023865437-600x163.jpg 600w\" sizes=\"auto, (max-width: 1280px) 100vw, 1280px\" \/><\/a><\/strong>[Mis \u00e0 jour le 03\/04\/2026]<strong> Les heures acquises au titre du <a href=\"https:\/\/www.mes-allocs.fr\/guides\/aide-formation\/compte-personnel-formation-cpf\/\" target=\"_blank\" rel=\"noopener noreferrer\">compte personnel de formation (CPF)<\/a> sont affich\u00e9es dans un compteur, lorsque vous vous connectez au service en ligne. Accessible au salari\u00e9 du secteur priv\u00e9 comme au salari\u00e9 du secteur publique, ces heures permettent de financer des formations.\u00a0<\/strong><\/p>\n<div class='cta-block'><div class='text'>Simulez toutes vos aides en 2 min.<\/div><a href='https:\/\/www.mes-allocs.fr\/ab-app?origin=guides\/wp-json\/wp\/v2\/posts\/10153' class='app-button fit'>Simulation gratuite<\/a><\/div>\n<div class=\"brs_col\">\n<h1>Comment le CPF est-il aliment\u00e9 ?<\/h1>\n<\/div>\n<div class=\"brs_col\">\n<p>C&rsquo;est au terme de chaque ann\u00e9e (le 31 d\u00e9cembre pr\u00e9cis\u00e9ment), que le compte personnel de formation est aliment\u00e9. Il ne peut exc\u00e9der <strong>150 heures de formation sur 8 ans.<\/strong><\/p>\n<p><strong>\u00c0 savoir <\/strong>24 heures par an pendant les<strong> 5 premi\u00e8res ann\u00e9es, puis 12 heures par an pendant les 3 ann\u00e9es suivantes. <\/strong>Et ce, pour un travail \u00e0 temps complet.<\/p>\n<\/div>\n<p>En revanche, si vous travaillez \u00e0 temps partiel, votre compte est aliment\u00e9 proportionnellement au temps de travail effectu\u00e9.<\/p>\n<div class=\"brs_col\">\n<p>\u00c0 noter que vos heures sont inchang\u00e9es en cas de :<\/p>\n<ul>\n<li><strong>changement de statut,<\/strong><\/li>\n<li><strong>d\u00e9part \u00e0 la retrait.<\/strong><\/li>\n<\/ul>\n<p><iframe loading=\"lazy\" title=\"Les aides \u00e0 la formation\" width=\"500\" height=\"281\" src=\"https:\/\/www.youtube.com\/embed\/gs3ZRHqtzmY?feature=oembed\" frameborder=\"0\" allow=\"accelerometer; autoplay; clipboard-write; encrypted-media; gyroscope; picture-in-picture; web-share\" referrerpolicy=\"strict-origin-when-cross-origin\" allowfullscreen><\/iframe><\/p>\n<div class=\"brs_col\">\n<h1>De quelle fa\u00e7on les heures s&rsquo;accumulent-elles sur le CPF ?<\/h1>\n<p>Le Compte personnel de formation (CPF) accumule les heures \u00e0 hauteur de 500\u20ac par ann\u00e9e de travail. Et ce, dans la limite d\u2019un plafond de 5.000\u20ac au titre des activit\u00e9s professionnelles exerc\u00e9es l&rsquo;ann\u00e9e pr\u00e9c\u00e9dente (2024 pour 2025).<\/p>\n<p><strong>Attention :<\/strong> si vous \u00eates travailleur ind\u00e9pendant et n\u2019avez pas exerc\u00e9 d&rsquo;activit\u00e9 au titre d\u2019une ann\u00e9e enti\u00e8re, vos droits CPF sont calcul\u00e9s au prorata du temps d\u2019exercice de l\u2019activit\u00e9 au cours de l\u2019ann\u00e9e.<\/p>\n<\/div>\n<\/div>\n<h1>Quel est le principe de conversion des heures cpf en euros ?<\/h1>\n<div class=\"card-section\">\n<div class=\"brs_col\">\n<h2>Quel est son fonctionnement pour les b\u00e9n\u00e9ficiaires du cpf ?<\/h2>\n<ol>\n<li>Vous avez acc\u00e8s \u00e0 24 heures de formation par an. Et ce, pour un maximum de <strong>120 heures, ce qui correspond \u00e0 un plafond.<\/strong><\/li>\n<li>Vous cumulez 1 heure par mois, soit 12 heures par an pour un <strong>total de 150 heures. <\/strong>Si vous \u00eates dit non-qualifi\u00e9, vous pouvez passer \u00e0 48 heures par an (plafond total de 400 heures).<\/li>\n<\/ol>\n<p>Depuis 2019, la conversion des heures CPF en euros est act\u00e9e. Par cons\u00e9quent, cela correspond \u00e0 500\u20ac et 800\u20ac par an.<\/p>\n<\/div>\n<p><strong>Attention<\/strong><strong> :<\/strong> les heures cumul\u00e9es sont plafonn\u00e9es \u00e0 <strong>150 heures.<\/strong> Si vous avez acquis plus d&rsquo;heures, sachez que uniquement <strong>100 heures pourront \u00eatre utilis\u00e9es<\/strong>. Par ailleurs, si le co\u00fbt de la formation choisie est sup\u00e9rieur au nombre d&rsquo;heures sur le compte, elle pourra alors b\u00e9n\u00e9ficier d&rsquo;un financement compl\u00e9mentaire. Le tout, pour un <strong>plafond de 5.000\u20ac et 8.000\u20ac.<\/strong><\/p>\n<p>\u00c0 noter que ces informations sont disponibles sur l&rsquo;application mon compte personnel formation.<\/p>\n<\/div>\n<h2>Quid des agents de la fonction publique ?<\/h2>\n<div class=\"card-section\">\n<div class=\"LGOjhe\" style=\"text-align: justify;\" role=\"heading\" aria-level=\"3\" data-attrid=\"wa:\/description\" data-hveid=\"CAwQAw\"><span class=\"ILfuVd\"><span class=\"e24Kjd\">La loi n\u00b02019-828 du 6 ao\u00fbt 2019 de transformation de la <b>fonction publique<\/b> a confirm\u00e9 que la conversion en euros des droits ne concerne pas les agents <b>publics.<\/b> Leurs droits restent donc comptabilis\u00e9s en heures.<\/span><\/span><\/div>\n<\/div>\n<div role=\"heading\" aria-level=\"3\" data-attrid=\"wa:\/description\" data-hveid=\"CAwQAw\">\n<div class=\"question-response hero-chapeau-second\">\n<div class=\"clearfix text-formatted field field--name-field-body field--type-text-long field--label-hidden field__item\">\n<p class=\"text-align-justify\">En outre, pour un travail \u00e0 mi-temps ou plus, votre compte sera aliment\u00e9 :<\/p>\n<ul>\n<li class=\"text-align-justify\">\u00e0 hauteur de 24 heures maximum par an, dans la limite d\u2019un plafond de 120 heures;<\/li>\n<li class=\"text-align-justify\">puis 12 heures jusqu\u2019\u00e0 un plafond total de 150 heures.<\/li>\n<\/ul>\n<p class=\"text-align-justify\"><strong>Or, pour un temps non complet (moins de 35 heures par semaine), vos droits sont calcul\u00e9s au prorata.<\/strong><\/p>\n<p class=\"text-align-justify\"><strong>Attention :<\/strong> si vous \u00eates un agent de cat\u00e9gorie C, sans dipl\u00f4me ou avec uniquement le dipl\u00f4me national du brevet, vous disposez de 48 heures par an. Et ce, dans la limite d&rsquo;un plafond global de 400 heures.<\/p>\n<h1 class=\"brs_col\">Quelles \u00e9tapes suivre pour cr\u00e9er mon compte cpf ?<\/h1>\n<ol>\n<li>Rendez-vous sur le site moncompteformation.gouv.<\/li>\n<li>Cliquez sur \u201ccr\u00e9er mon compte\u201d.<\/li>\n<li>Remplissez les informations requises.<\/li>\n<li>Vous recevrez un mail de confirmation.<\/li>\n<li>Votre compte est automatiquement activ\u00e9.<\/li>\n<\/ol>\n<h1>Qui est \u00e9ligible au CPF ?<\/h1>\n<ul class=\"spip\">\n<li>Les personnes \u00e2g\u00e9es de 16 ans et plus disposent d\u2019un Compte personnel de formation (CPF).<\/li>\n<li>Les jeunes de 15 ans ayant sign\u00e9 un contrat d\u2019apprentissage, par d\u00e9rogation, sont \u00e9galement concern\u00e9s.<\/li>\n<\/ul>\n<p>Les personnes suivantes peuvent ainsi b\u00e9n\u00e9ficier du CPF :<\/p>\n<ul>\n<li>salari\u00e9s \u00e0 temps complet et \u00e0 temps partiel.<\/li>\n<li>travailleurs ind\u00e9pendants.<\/li>\n<li>employ\u00e9s saisonniers.<\/li>\n<li>agents publics et consulaires.<\/li>\n<li>demandeurs d emploi.<\/li>\n<li>personnes handicap\u00e9es h\u00e9berg\u00e9es en \u00e9tablissement ou en service d&rsquo;aide par le travail (ESAT).<\/li>\n<\/ul>\n<p>\u00c0 noter que le CPF est ferm\u00e9 lorsque vous faites valoir vos droits \u00e0 la retraite.<\/p>\n<p><span style=\"text-decoration: underline;\"><strong>Attention :<\/strong><\/span><strong> les salari\u00e9s peu dipl\u00f4m\u00e9s b\u00e9n\u00e9ficient de la majoration mise en place en 2017. Vous \u00eates concern\u00e9 si votre dipl\u00f4me est class\u00e9 au niveau V (CAP BEP), si vous disposez d&rsquo;un titre professionnel enregistr\u00e9 et class\u00e9 au niveau V du r\u00e9pertoire national des certifications professionnelles.<\/strong><\/p>\n<\/div>\n<\/div>\n<\/div>\n<h1>CPF permis : quelles sont les d\u00e9marches d&rsquo;inscription ?<\/h1>\n<ol>\n<li>connectez-vous sur le site moncompteformation.gouv (munissez-vous de vos num\u00e9ro de s\u00e9curit\u00e9 sociale en cas d&rsquo;oubli de vos identifiants).<\/li>\n<li>choisissez l\u2019offre de permis de votre choix qui correspond avec le montant pr\u00e9sent sur votre solde.<\/li>\n<li>cliquez sur \u201cs\u2019inscrire \u00e0 la formation\u201d (en bas \u00e0 droite).<\/li>\n<li>votre demande sera accept\u00e9e sous 2 jours ouvr\u00e9s (vous serez inform\u00e9 par mail).<\/li>\n<li>connectez-vous sur moncompteformation pour accepter la mobilisation de votre solde CPF pour votre permis de conduire.<\/li>\n<li>vous recevrez un mail de l&rsquo;auto-\u00e9cole choisie sous 2 jours ouvr\u00e9s pour vous indiquer comment d\u00e9buter votre formation.<\/li>\n<\/ol>\n<h1>Quelles sont les conditions d&rsquo;\u00e9ligibilit\u00e9 ?<\/h1>\n<ul>\n<li>Avoir acquis suffisamment de droits formations sur votre compte CPF.<\/li>\n<li>Justifier d&rsquo;une raison expliquant en quoi le permis vous permet de s\u00e9curiser ou d\u00e9velopper votre parcours professionnel.<\/li>\n<li>Choisir une auto-\u00e9cole agr\u00e9\u00e9e organisme de formation.<\/li>\n<li>Ne pas avoir fait l\u2019objet d\u2019une suspension de permis B, ni d\u2019une interdiction de le repasser.<\/li>\n<\/ul>\n<p>Attention, toutefois, une\u00a0<a href=\"https:\/\/www.mes-allocs.fr\/guides\/aide-formation\/compte-personnel-formation-cpf\/participation-forfaitaire-cpf\/\"><strong>participation financi\u00e8re de 150\u20ac<\/strong><\/a> vous sera demand\u00e9e depuis le 2 avril 2026 si vous souhaitez mobiliser votre CPF (sauf pour certains publics comme les demandeurs d\u2019emploi).<\/p>\n<div class='cta-block'><div class='text'>Simulez toutes vos aides en 2 min.<\/div><a href='https:\/\/www.mes-allocs.fr\/ab-app?origin=guides\/wp-json\/wp\/v2\/posts\/10153' class='app-button fit'>Simulation gratuite<\/a><\/div>\n<h1>CPF fonction publique : comment entreprendre une transition professionnelle ?<\/h1>\n<div id=\"intro\" class=\"lead\">\n<p>Les agents de la fonction publique de l&rsquo;\u00c9tat (FPE) disposent d&rsquo;un cr\u00e9dit annuel d&rsquo;heures de formation professionnelle : c&rsquo;est le CPF. Ici encore, ces heures ont pour objectif de favoriser :<\/p>\n<ul>\n<li>l&rsquo;acquisition d&rsquo;un dipl\u00f4me, d&rsquo;un titre ou d&rsquo;un certificat de qualification professionnelle,<\/li>\n<li>ou le d\u00e9veloppement de comp\u00e9tences dans le cadre d&rsquo;un projet d&rsquo;\u00e9volution professionnelle.<\/li>\n<\/ul>\n<p>Par ailleurs, ce projet d&rsquo;\u00e9volution professionnelle peut se d\u00e9velopper dans le cadre :<\/p>\n<\/div>\n<div class=\"fiche-item\">\n<div id=\"fiche-item-1\" class=\"fiche-item-content collapse in\" aria-hidden=\"false\">\n<ul>\n<li>de la pr\u00e9paration d&rsquo;une future mobilit\u00e9,<\/li>\n<li>d&rsquo;une promotion,<\/li>\n<li>ou d&rsquo;une reconversion professionnelle.<\/li>\n<\/ul>\n<div class=\"fiche-item\">\n<h1>Quels agents de la fonction publique sont \u00e9ligibles au CPF ?<\/h1>\n<\/div>\n<div class=\"fiche-item\">\n<div id=\"fiche-item-2\" class=\"fiche-item-content collapse in\" aria-hidden=\"false\">\n<ul>\n<li>fonctionnaires (dont stagiaires),<\/li>\n<li>contractuels<\/li>\n<li>et ouvriers d&rsquo;\u00c9tat.<\/li>\n<\/ul>\n<\/div>\n<\/div>\n<\/div>\n<\/div>\n<h1>Quel moyen employer pour conna\u00eetre ses heures DIF ?<\/h1>\n<p>Afin de conna\u00eetre votre solde d\u2019heures de DIF (droit individuel \u00e0 la formation dif), vous avez deux possibilit\u00e9s :<\/p>\n<div class=\"col-md-8 col-md-offset-2\">\n<div class=\"article-detail__content-block-1__inner\">\n<ul>\n<li><strong>demandez \u00e0 votre\u00a0service RH.\u00a0<\/strong><\/li>\n<li><strong>r\u00e9f\u00e9rez-vous \u00e0 votre bulletin de salaire de janvier<\/strong>. En effet, le solde d\u2019heures de formation restant est indiqu\u00e9 une fois par an sur le bulletin de salaire.<\/li>\n<\/ul>\n<p>Si vous faites une demande de formation \u00e0 travers votre CPF (nouveau CPF), vos heures de DIF disponibles seront celles utilis\u00e9es en premier lieu.<em><strong><br \/>\n<\/strong><\/em><\/p>\n<p>Par ailleurs, les heures que vous avez r\u00e9cemment acquises peuvent s&rsquo;ajouter au solde d&rsquo;heures de DIF. Et ce, dans la limite d\u2019un plafond de 150 heures.<\/p>\n<p>\u00c0 noter que ce solde peut \u00eatre compl\u00e9t\u00e9 (sous certaines conditions) par :<\/p>\n<ul>\n<li><strong>l\u2019entreprise elle-m\u00eame.<\/strong><\/li>\n<li><strong>un organisme financeur.<\/strong><\/li>\n<\/ul>\n<p>Le CPF, financ\u00e9 par la caisse des d\u00e9p\u00f4ts, a remplac\u00e9 le syst\u00e8me DIF le le 1<sup>er<\/sup> janvier 2015. Vous aviez jusqu&rsquo;au 31 d\u00e9cembre 2020 pour utiliser vos heures DIF restantes. Si le transfert n&rsquo;a pas \u00e9t\u00e9 effectu\u00e9, vous avez perdu ces heures.<\/p>\n<h1>Comment entreprendre une transition professionnelle avec le CPF en 2025 ?<\/h1>\n<div class=\"brs_col\">\n<div class=\"brs_col\">\n<p>D\u00e8s cette ann\u00e9e, le minist\u00e8re du Travail a mis en place diff\u00e9rents mod\u00e8les de formation. Et ce, dans le but de rendre homog\u00e8ne les pratiques entre les diverses structures de formation :<em><strong><br \/>\n<\/strong><\/em><\/p>\n<ul>\n<li>Pratiques entre les op\u00e9rateurs de comp\u00e9tences (OPCO),<\/li>\n<li>Organismes de formation et centres de formation d\u2019apprentis (CFA),<\/li>\n<li>Entreprises.<\/li>\n<\/ul>\n<\/div>\n<\/div>\n<p>Ces nouveaux mod\u00e8les sont les suivants :<\/p>\n<div class=\"brs_col\">\n<div class=\"brs_col\">\n<ul>\n<li><strong>Certificat de r\u00e9alisation des actions de formation.<\/strong><\/li>\n<li><strong>Bilans de comp\u00e9tences.<\/strong><\/li>\n<li><strong>Actions VAE et actions de formation par apprentissage (appliqu\u00e9es\u00a0par les associations \u00ab\u00a0Transitions Pro\u00a0\u00bb (ATpro).<\/strong><\/li>\n<\/ul>\n<h1>Quelles formations peut-on solliciter \u00e0 travers le CPF ?<\/h1>\n<ul>\n<li>formations permettant de faire valider les acquis de l\u2019exp\u00e9rience (VAE) indiqu\u00e9s au <strong>3\u00b0 de l\u2019article L.6313-1.<\/strong><\/li>\n<li>bilan de comp\u00e9tences.<\/li>\n<li>actions de formation \u00e0 destination des cr\u00e9ateurs ou repreneurs d\u2019entreprises.<\/li>\n<li>pr\u00e9paration de <strong>l\u2019\u00e9preuve th\u00e9orique du Code de la route et de l\u2019\u00e9preuve pratique<\/strong> du permis de conduire des v\u00e9hicules du groupe l\u00e9ger (permis B) et du groupe lourd.<\/li>\n<\/ul>\n<h1>Comment savoir si une formation est \u00e9ligible au CPF ?<\/h1>\n<p>Sur <a href=\"https:\/\/travail-emploi.gouv.fr\/formation-professionnelle\/droit-a-la-formation-et-orientation-professionnelle\/compte-personnel-formation#Comment-est-alimente-le-Compte-personnel-de-formation-CPF-nbsp\" target=\"_blank\" rel=\"noopener nofollow noreferrer\">le compte personnel de formation cpf<\/a>, il faut indiquer les renseignements suivants :<\/p>\n<ul>\n<li>domaine d&#8217;emploi (notamment avec le code NAF),<\/li>\n<li>r\u00e9gion de recherche,<\/li>\n<li>mot-cl\u00e9 indiquant le type de formation recherch\u00e9e.<\/li>\n<\/ul>\n<p>Les r\u00e9sultats qui s&rsquo;affichent sont les formations \u00e9ligibles au CPF.<\/p>\n<h1>Existe-t-il un simulateur CPF ?<\/h1>\n<p>Il n&rsquo;existe pas de simulateur pour le compte personnel de formation de la m\u00eame mani\u00e8re qu&rsquo;il existe des simulateurs pour \u00e9valuer ses droits aux APL.<\/p>\n<p>N\u00e9anmoins, il faut savoir que les heures du CPF sont acquises au nombre de <strong>24 heures par ann\u00e9e de travail \u00e0 taux plein<\/strong>. Cela fait donc <strong>1.607 heures par an, cumulables<\/strong> jusqu\u2019\u00e0 120 heures. Au-del\u00e0, le cumul continue \u00e0 hauteur de 12 heures par ann\u00e9e de travail.<\/p>\n<p><span style=\"text-decoration: underline;\"><strong>Exemple pour un salari\u00e9 \u00e0 temps plein (du secteur priv\u00e9 ou public) :<br \/>\n<\/strong><\/span><\/p>\n<ol>\n<li>120 heures de formation obtenues en 5 ans.<\/li>\n<li>Puis, 30 heures sur 2 ans et demi.<\/li>\n<\/ol>\n<div class='cta-block'><div class='text'>Simulez toutes vos aides en 2 min.<\/div><a href='https:\/\/www.mes-allocs.fr\/ab-app?origin=guides\/wp-json\/wp\/v2\/posts\/10153' class='app-button fit'>Simulation gratuite<\/a><\/div>\n<\/div>\n<\/div>\n<\/div>\n<\/div>\n","protected":false},"excerpt":{"rendered":"<p>[Mis \u00e0 jour le 03\/04\/2026] Les heures acquises au titre du compte personnel de formation (CPF) sont affich\u00e9es dans un compteur, lorsque vous vous connectez au service en ligne. Accessible au salari\u00e9 du secteur priv\u00e9 comme au salari\u00e9 du secteur publique, ces heures permettent de financer des formations.\u00a0 Comment le CPF est-il aliment\u00e9 ? C&rsquo;est [&hellip;]<\/p>\n","protected":false},"author":10,"featured_media":10619,"comment_status":"open","ping_status":"open","sticky":false,"template":"","format":"standard","meta":{"amp_status":"","footnotes":""},"categories":[2045,2046],"tags":[],"class_list":["post-10153","post","type-post","status-publish","format-standard","has-post-thumbnail","hentry","category-aide-formation","category-compte-personnel-formation-cpf"],"yoast_head":"<!-- This site is optimized with the Yoast SEO plugin v14.9 - https:\/\/yoast.com\/wordpress\/plugins\/seo\/ -->\n<title>Comment est aliment\u00e9 le compteur cpf ? | Mes-Allocs.fr<\/title>\n<meta name=\"description\" content=\"Les heures acquises au titre du compte personnel de formation (CPF) sont affich\u00e9es dans un compteur, lorsque vous vous connectez au service en ligne.\" \/>\n<meta name=\"robots\" content=\"index, follow, max-snippet:-1, max-image-preview:large, max-video-preview:-1\" \/>\n<link rel=\"canonical\" href=\"https:\/\/www.mes-allocs.fr\/guides\/aide-formation\/compte-personnel-formation-cpf\/compteur-cpf\/\" \/>\n<meta property=\"og:locale\" content=\"fr_FR\" \/>\n<meta property=\"og:type\" content=\"article\" \/>\n<meta property=\"og:title\" content=\"Comment est aliment\u00e9 le compteur cpf ? | Mes-Allocs.fr\" \/>\n<meta property=\"og:description\" content=\"Les heures acquises au titre du compte personnel de formation (CPF) sont affich\u00e9es dans un compteur, lorsque vous vous connectez au service en ligne.\" \/>\n<meta property=\"og:url\" content=\"https:\/\/www.mes-allocs.fr\/guides\/aide-formation\/compte-personnel-formation-cpf\/compteur-cpf\/\" \/>\n<meta property=\"og:site_name\" content=\"Mes-Allocs.fr\" \/>\n<meta property=\"article:published_time\" content=\"2020-07-31T07:38:37+00:00\" \/>\n<meta property=\"article:modified_time\" content=\"2026-04-07T13:15:28+00:00\" \/>\n<meta property=\"og:image\" content=\"https:\/\/www.mes-allocs.fr\/guides\/wp-content\/uploads\/2020\/07\/Comment-est-alimente\u0301-le-compteur-cpf-.jpg?wsr\" \/>\n\t<meta property=\"og:image:width\" content=\"1280\" \/>\n\t<meta property=\"og:image:height\" content=\"817\" \/>\n<meta name=\"twitter:card\" content=\"summary_large_image\" \/>\n<script type=\"application\/ld+json\" class=\"yoast-schema-graph\">{\"@context\":\"https:\/\/schema.org\",\"@graph\":[{\"@type\":\"WebSite\",\"@id\":\"https:\/\/www.mes-allocs.fr\/guides\/#website\",\"url\":\"https:\/\/www.mes-allocs.fr\/guides\/\",\"name\":\"Mes-Allocs.fr\",\"description\":\"\",\"potentialAction\":[{\"@type\":\"SearchAction\",\"target\":\"https:\/\/www.mes-allocs.fr\/guides\/?s={search_term_string}\",\"query-input\":\"required name=search_term_string\"}],\"inLanguage\":\"fr-FR\"},{\"@type\":\"ImageObject\",\"@id\":\"https:\/\/www.mes-allocs.fr\/guides\/aide-formation\/compte-personnel-formation-cpf\/compteur-cpf\/#primaryimage\",\"inLanguage\":\"fr-FR\",\"url\":\"https:\/\/www.mes-allocs.fr\/guides\/wp-content\/uploads\/2020\/07\/Comment-est-alimente\\u0301-le-compteur-cpf-.jpg?wsr\",\"width\":1280,\"height\":817,\"caption\":\"Comment est alimente\\u0301 le compteur cpf\"},{\"@type\":\"WebPage\",\"@id\":\"https:\/\/www.mes-allocs.fr\/guides\/aide-formation\/compte-personnel-formation-cpf\/compteur-cpf\/#webpage\",\"url\":\"https:\/\/www.mes-allocs.fr\/guides\/aide-formation\/compte-personnel-formation-cpf\/compteur-cpf\/\",\"name\":\"Comment est aliment\\u00e9 le compteur cpf ? | Mes-Allocs.fr\",\"isPartOf\":{\"@id\":\"https:\/\/www.mes-allocs.fr\/guides\/#website\"},\"primaryImageOfPage\":{\"@id\":\"https:\/\/www.mes-allocs.fr\/guides\/aide-formation\/compte-personnel-formation-cpf\/compteur-cpf\/#primaryimage\"},\"datePublished\":\"2020-07-31T07:38:37+00:00\",\"dateModified\":\"2026-04-07T13:15:28+00:00\",\"author\":{\"@id\":\"https:\/\/www.mes-allocs.fr\/guides\/#\/schema\/person\/8d47b912c0ad15f379df96b4e4e33f58\"},\"description\":\"Les heures acquises au titre du compte personnel de formation (CPF) sont affich\\u00e9es dans un compteur, lorsque vous vous connectez au service en ligne.\",\"inLanguage\":\"fr-FR\"},{\"@type\":\"Person\",\"@id\":\"https:\/\/www.mes-allocs.fr\/guides\/#\/schema\/person\/8d47b912c0ad15f379df96b4e4e33f58\",\"name\":\"Constance de Cagny\",\"image\":{\"@type\":\"ImageObject\",\"@id\":\"https:\/\/www.mes-allocs.fr\/guides\/#personlogo\",\"inLanguage\":\"fr-FR\",\"url\":\"https:\/\/www.mes-allocs.fr\/guides\/wp-content\/uploads\/2021\/06\/Constance.2e8ee0b.png\",\"caption\":\"Constance de Cagny\"},\"description\":\"Constance est r\\u00e9dactrice au sein de l'\\u00e9quipe Mes Allocs. Elle a l'habitude d'\\u00e9crire sur les sujets conso, bons plans et \\u00e9conomies. Dipl\\u00f4m\\u00e9e de l'ENACO, elle rejoint Mes Allocs apr\\u00e8s une premi\\u00e8re exp\\u00e9rience en cabinet notarial.\",\"sameAs\":[\"https:\/\/www.linkedin.com\/in\/constance-de-cagny-mayeur-bbb414135\"]}]}<\/script>\n<!-- \/ Yoast SEO plugin. -->","amp_validity":null,"acf":{"faq":{"1":{"question":"Puis-je donner mon CPF ?","answer":"Non, vous ne pouvez pas c\u00e9der vos heures acquises, ni le montant cumul\u00e9 \u00e0 une autre personne. Le CPF est strictement personnel."},"2":{"question":"Comment est cr\u00e9dit\u00e9 le compte CPF ?","answer":"Il est cr\u00e9dit\u00e9 en euros. Il \u00e9tait auparavant cr\u00e9dit\u00e9 en heures. Plus exactement, les heures cumul\u00e9es sont converties en euros pour pouvoir financer les formations propos\u00e9es par le CPF, dont les montants s'affiche dans le catalogue."},"3":{"question":"Comment mobiliser son CPF pour une formation ?","answer":"Il vous faut avoir acquis le nombre d'heures n\u00e9cessaires \u00e0 la formation de votre choix. Ensuite, \u00e9laborez un dossier de formation en allant sur votre espace personnel, rubrique \"Mes dossiers de formation\"; dans le menu de gauche puis cliquez sur le bouton violet Cr\u00e9er un dossier de formation."},"4":{"question":"Comment obtenir ses heures CPF ?","answer":"C'est en travaillant que vous accumulez des heures CPF. Lorsque vous \u00eates au ch\u00f4mage, vous ne cumulez pas d'heures. N\u00e9anmoins, vous pouvez utiliser celles d\u00e9ja acquises."},"5":{"question":"","answer":""},"6":{"question":"","answer":""},"7":{"question":"","answer":""},"8":{"question":"","answer":""},"9":{"question":"","answer":""},"10":{"question":"","answer":""},"11":{"question":"","answer":""},"12":{"question":"","answer":""},"13":{"question":"","answer":""},"14":{"question":"","answer":""},"15":{"question":"","answer":""},"16":{"question":"","answer":""}}},"_links":{"self":[{"href":"https:\/\/www.mes-allocs.fr\/guides\/wp-json\/wp\/v2\/posts\/10153","targetHints":{"allow":["GET"]}}],"collection":[{"href":"https:\/\/www.mes-allocs.fr\/guides\/wp-json\/wp\/v2\/posts"}],"about":[{"href":"https:\/\/www.mes-allocs.fr\/guides\/wp-json\/wp\/v2\/types\/post"}],"author":[{"embeddable":true,"href":"https:\/\/www.mes-allocs.fr\/guides\/wp-json\/wp\/v2\/users\/10"}],"replies":[{"embeddable":true,"href":"https:\/\/www.mes-allocs.fr\/guides\/wp-json\/wp\/v2\/comments?post=10153"}],"version-history":[{"count":25,"href":"https:\/\/www.mes-allocs.fr\/guides\/wp-json\/wp\/v2\/posts\/10153\/revisions"}],"predecessor-version":[{"id":111679,"href":"https:\/\/www.mes-allocs.fr\/guides\/wp-json\/wp\/v2\/posts\/10153\/revisions\/111679"}],"wp:featuredmedia":[{"embeddable":true,"href":"https:\/\/www.mes-allocs.fr\/guides\/wp-json\/wp\/v2\/media\/10619"}],"wp:attachment":[{"href":"https:\/\/www.mes-allocs.fr\/guides\/wp-json\/wp\/v2\/media?parent=10153"}],"wp:term":[{"taxonomy":"category","embeddable":true,"href":"https:\/\/www.mes-allocs.fr\/guides\/wp-json\/wp\/v2\/categories?post=10153"},{"taxonomy":"post_tag","embeddable":true,"href":"https:\/\/www.mes-allocs.fr\/guides\/wp-json\/wp\/v2\/tags?post=10153"}],"curies":[{"name":"wp","href":"https:\/\/api.w.org\/{rel}","templated":true}]}}