{"id":101489,"date":"2025-07-03T08:37:26","date_gmt":"2025-07-03T06:37:26","guid":{"rendered":"https:\/\/www.mes-allocs.fr\/guides\/?p=101489"},"modified":"2026-04-22T08:33:07","modified_gmt":"2026-04-22T07:33:07","slug":"cheques-vacances-retraites-fonction-publique","status":"publish","type":"post","link":"https:\/\/www.mes-allocs.fr\/guides\/aide-vacances\/cheque-vacances\/cheques-vacances-retraites\/cheques-vacances-retraites-fonction-publique\/","title":{"rendered":"Ch\u00e8ques-vacances pour les retrait\u00e9s de la fonction publique"},"content":{"rendered":"<p><img loading=\"lazy\" decoding=\"async\" class=\"alignnone wp-image-101491 size-full\" title=\"cheque vacances retraites fonction publique\" src=\"https:\/\/www.mes-allocs.fr\/guides\/wp-content\/uploads\/2025\/07\/cheque-vacances-retraites-fonction-publique-2-e1751471219990.jpg\" alt=\"cheque vacances retraites fonction publique\" width=\"1919\" height=\"436\" srcset=\"https:\/\/www.mes-allocs.fr\/guides\/wp-content\/uploads\/2025\/07\/cheque-vacances-retraites-fonction-publique-2-e1751471219990.jpg 1919w, https:\/\/www.mes-allocs.fr\/guides\/wp-content\/uploads\/2025\/07\/cheque-vacances-retraites-fonction-publique-2-e1751471219990-300x68.jpg 300w, https:\/\/www.mes-allocs.fr\/guides\/wp-content\/uploads\/2025\/07\/cheque-vacances-retraites-fonction-publique-2-e1751471219990-1024x233.jpg 1024w, https:\/\/www.mes-allocs.fr\/guides\/wp-content\/uploads\/2025\/07\/cheque-vacances-retraites-fonction-publique-2-e1751471219990-768x174.jpg 768w, https:\/\/www.mes-allocs.fr\/guides\/wp-content\/uploads\/2025\/07\/cheque-vacances-retraites-fonction-publique-2-e1751471219990-1536x349.jpg 1536w, https:\/\/www.mes-allocs.fr\/guides\/wp-content\/uploads\/2025\/07\/cheque-vacances-retraites-fonction-publique-2-e1751471219990-600x136.jpg 600w\" sizes=\"auto, (max-width: 1919px) 100vw, 1919px\" \/>En 2025, les <a href=\"https:\/\/www.mes-allocs.fr\/guides\/aide-vacances\/cheque-vacances\/cheques-vacances-retraites\/\">ch\u00e8ques-vacances pour les retrait\u00e9s<\/a> font leur grand retour apr\u00e8s une p\u00e9riode d\u2019exclusion vivement contest\u00e9e. Que vous soyez retrait\u00e9 de la fonction publique d\u2019\u00c9tat, territoriale ou hospitali\u00e8re, des solutions existent pour all\u00e9ger le co\u00fbt de vos vacances. Conditions d\u2019\u00e9ligibilit\u00e9, montants, d\u00e9marches, alternatives\u2026 D\u00e9couvrez tout ce qu\u2019il faut savoir pour profiter pleinement des <b>ch\u00e8ques-vacances pour les retrait\u00e9s de la fonction publique.<\/b><\/p>\n<p><span style=\"font-weight: 400;\"><div class='cta-block'><div class='text'>Simulez toutes vos Aides en 2 min.<\/div><a href=' https:\/\/www.mes-allocs.fr\/ab-app?origin=guides\/wp-json\/wp\/v2\/posts\/101489' class='app-button fit'>Simulation gratuite<\/a><\/div> <\/span><\/p>\n<h1>Ch\u00e8que-vacances pour les retrait\u00e9s de la fonction publique : ce qu&rsquo;il faut savoir en 2025<\/h1>\n<h2>Qu&rsquo;est-ce que les ch\u00e8ques vacances ?<\/h2>\n<p>Les <b>ch\u00e8ques\u2011vacances<\/b> sont des titres de paiement destin\u00e9s au financement des loisirs, h\u00e9bergements, transports, restaurants et activit\u00e9s culturelles. \u00c9mis par l\u2019ANCV, ils s\u2019utilisent dans un vaste r\u00e9seau national et europ\u00e9en (h\u00f4tels, camping, mus\u00e9es, p\u00e9ages\u2026). Disponibles en formats papier (Classic) et num\u00e9rique (Connect), ils offrent souplesse et praticit\u00e9, en physique ou en ligne.<\/p>\n<h2>Nouveaut\u00e9 2025 : les retrait\u00e9s de la fonction publique peuvent de nouveau b\u00e9n\u00e9ficier des ch\u00e8ques vacances<\/h2>\n<p>Une <b>nouveaut\u00e9 majeure<\/b> en 2025 : le Conseil d\u2019\u00c9tat a annul\u00e9 la circulaire du 2\u202fao\u00fbt\u202f2023, qui excluait les retrait\u00e9s de la fonction publique d\u2019\u00c9tat de ce dispositif. Depuis le 24\u202fjuin\u202f2025, les retrait\u00e9s civils et militaires retrouvent l\u2019acc\u00e8s aux <b>ch\u00e8ques\u2011vacances<\/b> selon la circulaire du 20\u202fd\u00e9cembre\u202f2020. Cette d\u00e9cision s\u2019applique imm\u00e9diatement : les agents retrait\u00e9s de la fonction publique d\u2019\u00c9tat peuvent redemander le dispositif d\u2019action sociale interminist\u00e9rielle (ASI).<\/p>\n<h1>Qui peut b\u00e9n\u00e9ficier des ch\u00e8ques-vacances dans la fonction publique ?<\/h1>\n<p>Les <b>ch\u00e8ques\u2011vacances<\/b>\u00a0sont ouverts aux :<\/p>\n<ul>\n<li aria-level=\"1\"><b>Retrait\u00e9s de la fonction publique d\u2019\u00c9tat<\/b> (civils ou militaires), depuis la d\u00e9cision du Conseil d\u2019\u00c9tat.<\/li>\n<li aria-level=\"1\"><b>Retrait\u00e9s de la fonction publique territoriale<\/b> : via la CNRACL, sous r\u00e9serve des conditions d\u2019\u00e9ligibilit\u00e9 et d\u2019un plan d\u2019\u00e9pargne sp\u00e9cifique.<\/li>\n<li aria-level=\"1\"><b>Retrait\u00e9s de la fonction publique hospitali\u00e8re<\/b> : via le CGOS, sous plans sociaux de pr\u00eats vacances.<\/li>\n<\/ul>\n<div class='shortcode important'><div class='title'>Important<\/div><div class='content'>L\u2019AP\u2011HP reste une exception : les agents retrait\u00e9s de l\u2019Assistance publique\u2011H\u00f4pitaux de Paris ne sont pas inclus et doivent se tourner vers d\u2019autres dispositifs.\u00a0<\/div><\/div>\n<p><span style=\"font-weight: 400;\"><div class='cta-block'><div class='text'>Simulez toutes vos Aides en 2 min.<\/div><a href=' https:\/\/www.mes-allocs.fr\/ab-app?origin=guides\/wp-json\/wp\/v2\/posts\/101489' class='app-button fit'>Simulation gratuite<\/a><\/div> <\/span><\/p>\n<h1>Conditions d\u2019attribution des ch\u00e8ques-vacances pour les retrait\u00e9s de la fonction publique<\/h1>\n<h2>Crit\u00e8re de revenu fiscal de r\u00e9f\u00e9rence (RFR) pour les retrait\u00e9s<\/h2>\n<p>Le <b>RFR <\/b>est d\u00e9terminant pour l\u2019\u00e9ligibilit\u00e9. Ce crit\u00e8re garantit que les <b>ch\u00e8ques\u2011vacances retraites fonction publique<\/b> ciblent prioritairement les retrait\u00e9s aux ressources modestes. Il faut fournir l\u2019avis fiscal pour valider l\u2019\u00e9ligibilit\u00e9.<\/p>\n<div class='shortcode tips'><div class='title'>Exemple<\/div><div class='content'>La CNRACL fixe ses plafonds \u00e0 13\u202f700\u202f\u20ac (personne seule) et 20\u202f600\u202f\u20ac (couple), avec une d\u00e9duction de 2\u202f000\u202f\u20ac par enfant \u00e0 charge .<\/div><\/div>\n<h2>Participation financi\u00e8re<\/h2>\n<p>La participation financi\u00e8re d\u00e9pend de votre r\u00e9gime :<\/p>\n<ul>\n<li aria-level=\"1\">Pour les retrait\u00e9s de la CNRACL, un <b>plan d\u2019\u00e9pargne<\/b> est mis en place : la CNRACL pr\u00e9l\u00e8ve mensuellement, et le <b>fonds d\u2019action sociale (FAS)<\/b> y ajoute environ <b>30\u202f% d\u2019abondement<\/b>, en fonction des revenus.<\/li>\n<li aria-level=\"1\">Les retrait\u00e9s de FPH via CGOS b\u00e9n\u00e9ficient d\u2019offres similaires, mais modul\u00e9es selon les \u00e9tablissements.<\/li>\n<\/ul>\n<h1>Quel est le montant des ch\u00e8ques-vacances pour un retrait\u00e9 de la fonction publique ?<\/h1>\n<p>Le montant des ch\u00e8ques\u2011vacances pour les retrait\u00e9s de la fonction publique d\u00e9pend de la capacit\u00e9 d\u2019\u00e9pargne et de la participation de l\u2019organisme financeur. On peut ainsi recevoir plusieurs centaines d\u2019euros par an. La CNRACL propose typiquement des plans de 6 \u00e0 12 mois d\u2019\u00e9pargne avec abondement, le tout converti en ch\u00e8ques papier<strong> (10\u202f\u20ac\/20\u202f\u20ac)<\/strong> .<\/p>\n<h1>Comment faire une demande de ch\u00e8ques-vacances \u00e0 la retraite ?<\/h1>\n<p>Pour b\u00e9n\u00e9ficier du dispositif, la d\u00e9marche varie selon le r\u00e9gime :<\/p>\n<ul>\n<li aria-level=\"1\"><b>CNRACL (FPT)<\/b> : constituez un plan d\u2019\u00e9pargne via votre espace retraite, en s\u00e9lectionnant montants, dur\u00e9e, RIB, avis fiscal .<\/li>\n<li aria-level=\"1\"><b>\u00c9tat (FPE)<\/b> : rapprochez-vous de la DGA\u2011FP ou de votre rectorat (retrait\u00e9s \u00e9tablissements scolaires) pour relancer le dispositif ASI .<\/li>\n<li aria-level=\"1\"><b>FPH<\/b> : contactez le <b>CGOS<\/b> de votre ancien \u00e9tablissement pour constituer votre dossier.<\/li>\n<\/ul>\n<p>On peut aussi faire une demande en ligne via le site ANCV pour les plans priv\u00e9s, mais les r\u00e9gimes publics utilisent leurs propres plateformes.<\/p>\n<h1>Modalit\u00e9s du ch\u00e8que vacances pour un retrait\u00e9<\/h1>\n<h2>Dur\u00e9e de validit\u00e9 du ch\u00e8que vacances<\/h2>\n<p>Les ch\u00e8ques sont valables <b>2 ans en plus de l\u2019ann\u00e9e d\u2019\u00e9mission<\/b>.<\/p>\n<div class='shortcode tips'><div class='title'>Exemple<\/div><div class='content'>Un ch\u00e8que de 2025 reste utilisable jusqu\u2019au <b>31\u202fd\u00e9cembre\u202f2027<\/b><\/div><\/div>\n<h2>Comment \u00e9changer le ch\u00e8que vacances ?<\/h2>\n<p>Les ch\u00e8ques p\u00e9rim\u00e9s peuvent \u00eatre \u00e9chang\u00e9s jusqu\u2019au <b>31\u202fmars de l\u2019ann\u00e9e suivant l\u2019expiration<\/b>.<\/p>\n<p>Pour le format <b>Classic<\/b>, les frais sont de <b>10\u202f\u20ac<\/b>, et l\u2019envoi postal peut prendre 1\u202fmois environ. . Pour le format <b>Connect<\/b>, l\u2019\u00e9change est gratuit. Vous recevez vos nouveaux ch\u00e8ques Connect en 8 jours environ. L\u2019\u00e9change se fait via le site ANCV dans la rubrique \u00ab\u202f\u00c9changes\u202f\u00bb.<\/p>\n<h2>Perte ou vol : que faire ?<\/h2>\n<p>Il est<b> impossible de faire opposition<\/b> en temps r\u00e9el. Si vous perdez vos ch\u00e8ques-vacances, d\u00e9clarez imm\u00e9diatement la perte ou le vol \u00e0 l\u2019ANCV, via formulaire en ligne. L\u2019ANCV v\u00e9rifie si les ch\u00e8ques ont \u00e9t\u00e9 utilis\u00e9s : s\u2019ils ne l\u2019ont pas \u00e9t\u00e9 avant la date limite, ils seront remplac\u00e9s, sans frais suppl\u00e9mentaires.<\/p>\n<h1>Quelles sont les autres aides pour les retrait\u00e9s de la fonction publique ?<\/h1>\n<h2>Programme Seniors en Vacances<\/h2>\n<p>L\u2019un des dispositifs les plus connus est le <b>programme Seniors en Vacances<\/b>, mis en place par l\u2019ANCV. Il s\u2019adresse aux personnes \u00e2g\u00e9es de <b>60 ans et plus<\/b> (ou d\u00e8s 55 ans en cas de handicap). Ce programme propose des s\u00e9jours \u00e0 tarifs pr\u00e9f\u00e9rentiels dans toute la France, incluant l\u2019h\u00e9bergement, les repas, les activit\u00e9s, et parfois m\u00eame le transport. Les retrait\u00e9s \u00e0 faibles revenus peuvent b\u00e9n\u00e9ficier d\u2019une <b>aide financi\u00e8re directe<\/b>, all\u00e9geant consid\u00e9rablement le co\u00fbt du s\u00e9jour.<\/p>\n<h2>Cartes de r\u00e9duction pour voyager<\/h2>\n<p>Par ailleurs, plusieurs <b>cartes de r\u00e9duction<\/b> sp\u00e9cifiques aux seniors sont disponibles, comme la carte <b>SNCF Avantage Senior<\/b>, qui permet de b\u00e9n\u00e9ficier de r\u00e9ductions sur les trajets en train, ou encore la <b>carte Senior Air France<\/b>, offrant des tarifs pr\u00e9f\u00e9rentiels sur certains vols.<\/p>\n<h2>Aide aux vacances des collectivit\u00e9s<\/h2>\n<p>De nombreuses <b>collectivit\u00e9s territoriales<\/b> (communes, d\u00e9partements, r\u00e9gions) proposent \u00e9galement des <b>aides vacances<\/b>, souvent sous forme de subventions ou de partenariats avec des centres de vacances. Ces aides varient selon les territoires, et il est recommand\u00e9 de se renseigner directement aupr\u00e8s de sa mairie ou de son conseil d\u00e9partemental.<\/p>\n<h2>Aide sp\u00e9cifique pour les anciens agents hospitaliers<\/h2>\n<p>Enfin, pour les anciens agents hospitaliers, comme ceux de l\u2019<b>Assistance Publique \u2013 H\u00f4pitaux de Paris (AP\u2011HP)<\/b>, des dispositifs compl\u00e9mentaires existent, notamment le <b>Coupon Sport<\/b>, \u00e9galement distribu\u00e9 par l\u2019ANCV. Ce dernier permet de financer tout ou partie de l\u2019adh\u00e9sion \u00e0 un club sportif ou la participation \u00e0 une activit\u00e9 physique r\u00e9guli\u00e8re.<\/p>\n<h1>Questions fr\u00e9quentes sur les ch\u00e8ques-vacances pour les retrait\u00e9s<\/h1>\n<h2>Utilisation des ch\u00e8ques-vacances : que peut-on payer avec ?<\/h2>\n<p>Les ch\u00e8ques\u2011vacances permettent de r\u00e9gler une grande vari\u00e9t\u00e9 de d<b>\u00e9penses li\u00e9es aux loisirs et aux vacances.<\/b> Ils peuvent \u00eatre utilis\u00e9s pour payer l\u2019h\u00e9bergement, que ce soit en h\u00f4tel, g\u00eete ou camping, ainsi que les repas dans les restaurants. Les frais de transport sont \u00e9galement \u00e9ligibles : billets de train, d\u2019avion, p\u00e9ages autoroutiers ou encore location de voiture. Enfin, les ch\u00e8ques\u2011vacances sont accept\u00e9s pour de nombreuses activit\u00e9s culturelles (mus\u00e9es, monuments, festivals) et sportives (parcs d\u2019attractions, clubs, \u00e9quipements sportifs).<\/p>\n<p>Ils sont utilisables en France, dans les DOM\u2011TOM et dans certains pays de l\u2019Union europ\u00e9enne. Gr\u00e2ce \u00e0 l\u2019option \u00ab Ch\u00e8que-Vacances Connect \u00bb, les paiements peuvent \u00e9galement \u00eatre r\u00e9alis\u00e9s en ligne 24h\/24 et 7j\/7 aupr\u00e8s des partenaires agr\u00e9\u00e9s.<\/p>\n<h2>Peut-on en b\u00e9n\u00e9ficier si on est \u00e0 la retraite depuis plusieurs ann\u00e9es ?<\/h2>\n<p>Le dispositif mis en place par l\u2019Agence nationale pour les ch\u00e8ques\u2011vacances (ANCV) reste ouvert \u00e0 <b>tous les retrait\u00e9s<\/b>, qu\u2019ils aient quitt\u00e9 la vie active r\u00e9cemment ou depuis 10 ou 20 ans. L\u2019important est de respecter les conditions de ressources fix\u00e9es par le dispositif. \u00c0 partir de 2025, le programme ASI (Aide aux Seniors pour les vacances) reprend pour tous les retrait\u00e9s \u00e9ligibles, sous r\u00e9serve d\u2019un dossier complet et valid\u00e9.<\/p>\n<h1>Les conjoints peuvent-ils en b\u00e9n\u00e9ficier ?<\/h1>\n<p>Les ch\u00e8ques\u2011vacances sont nominatifs, mais ils peuvent \u00eatre utilis\u00e9s pour payer des prestations au b\u00e9n\u00e9fice du <b>conjoint<\/b>, des <b>enfants <\/b>ou m\u00eame des <b>ascendants <\/b>\u00e0 charge du titulaire. Cela signifie que, bien que seul le retrait\u00e9 principal puisse passer commande, les membres de sa famille peuvent en profiter dans le cadre de d\u00e9penses communes. Il est conseill\u00e9 de s\u2019adresser ensemble aux prestataires lors de l\u2019utilisation, m\u00eame si le dossier reste associ\u00e9 au retrait\u00e9 b\u00e9n\u00e9ficiaire.<\/p>\n<div class='shortcode summary'><div class='title'>En r\u00e9sum\u00e9 :<\/div><div class='content'><ul><li> Depuis juin 2025, les anciens agents civils et militaires peuvent \u00e0 nouveau b\u00e9n\u00e9ficier des ch\u00e8ques-vacances gr\u00e2ce \u00e0 une d\u00e9cision du Conseil d\u2019\u00c9tat.<br \/>\n<\/li><li>Les retrait\u00e9s de la fonction publique d\u2019\u00c9tat, territoriale (via la CNRACL) et hospitali\u00e8re (via le CGOS) sont \u00e9ligibles sous conditions.<\/li><li>L\u2019\u00e9ligibilit\u00e9 d\u00e9pend du revenu fiscal de r\u00e9f\u00e9rence (RFR) de 2024.<\/li><li>Le Programme Seniors en Vacances, les cartes de r\u00e9duction SNCF ou Air France, les aides locales ou encore les coupons sport peuvent compl\u00e9ter le dispositif.<\/li><\/ul><\/div><\/div>\n<p><span style=\"font-weight: 400;\"><div class='cta-block'><div class='text'>Simulez toutes vos Aides en 2 min.<\/div><a href=' https:\/\/www.mes-allocs.fr\/ab-app?origin=guides\/wp-json\/wp\/v2\/posts\/101489' class='app-button fit'>Simulation gratuite<\/a><\/div> <\/span><\/p>\n","protected":false},"excerpt":{"rendered":"<p>En 2025, les ch\u00e8ques-vacances pour les retrait\u00e9s font leur grand retour apr\u00e8s une p\u00e9riode d\u2019exclusion vivement contest\u00e9e. Que vous soyez retrait\u00e9 de la fonction publique d\u2019\u00c9tat, territoriale ou hospitali\u00e8re, des solutions existent pour all\u00e9ger le co\u00fbt de vos vacances. Conditions d\u2019\u00e9ligibilit\u00e9, montants, d\u00e9marches, alternatives\u2026 D\u00e9couvrez tout ce qu\u2019il faut savoir pour profiter pleinement des ch\u00e8ques-vacances [&hellip;]<\/p>\n","protected":false},"author":32,"featured_media":101490,"comment_status":"open","ping_status":"open","sticky":false,"template":"","format":"standard","meta":{"amp_status":"","footnotes":""},"categories":[38652,32,54686],"tags":[],"class_list":["post-101489","post","type-post","status-publish","format-standard","has-post-thumbnail","hentry","category-aide-vacances","category-cheque-vacances","category-cheques-vacances-retraites"],"yoast_head":"<!-- This site is optimized with the Yoast SEO plugin v14.9 - https:\/\/yoast.com\/wordpress\/plugins\/seo\/ -->\n<title>Ch\u00e8ques-vacances pour les retrait\u00e9s de la fonction publique | Mes-Allocs.fr<\/title>\n<meta name=\"description\" content=\"Vous \u00eates retrait\u00e9 de la fonction publique ? Depuis le 24\u202fjuin\u202f2025, les ch\u00e8ques-vacances font leur retour ! D\u00e9couvrez si vous \u00eates \u00e9ligible.\" \/>\n<meta name=\"robots\" content=\"index, follow, max-snippet:-1, max-image-preview:large, max-video-preview:-1\" \/>\n<link rel=\"canonical\" href=\"https:\/\/www.mes-allocs.fr\/guides\/aide-vacances\/cheque-vacances\/cheques-vacances-retraites\/cheques-vacances-retraites-fonction-publique\/\" \/>\n<meta property=\"og:locale\" content=\"fr_FR\" \/>\n<meta property=\"og:type\" content=\"article\" \/>\n<meta property=\"og:title\" content=\"Ch\u00e8ques-vacances pour les retrait\u00e9s de la fonction publique | Mes-Allocs.fr\" \/>\n<meta property=\"og:description\" content=\"Vous \u00eates retrait\u00e9 de la fonction publique ? Depuis le 24\u202fjuin\u202f2025, les ch\u00e8ques-vacances font leur retour ! D\u00e9couvrez si vous \u00eates \u00e9ligible.\" \/>\n<meta property=\"og:url\" content=\"https:\/\/www.mes-allocs.fr\/guides\/aide-vacances\/cheque-vacances\/cheques-vacances-retraites\/cheques-vacances-retraites-fonction-publique\/\" \/>\n<meta property=\"og:site_name\" content=\"Mes-Allocs.fr\" \/>\n<meta property=\"article:published_time\" content=\"2025-07-03T06:37:26+00:00\" \/>\n<meta property=\"article:modified_time\" content=\"2026-04-22T07:33:07+00:00\" \/>\n<meta property=\"og:image\" content=\"https:\/\/www.mes-allocs.fr\/guides\/wp-content\/uploads\/2025\/07\/cheque-vacances-retraites-fonction-publique.jpg?wsr\" \/>\n\t<meta property=\"og:image:width\" content=\"1920\" \/>\n\t<meta property=\"og:image:height\" content=\"1275\" \/>\n<meta name=\"twitter:card\" content=\"summary_large_image\" \/>\n<script type=\"application\/ld+json\" class=\"yoast-schema-graph\">{\"@context\":\"https:\/\/schema.org\",\"@graph\":[{\"@type\":\"WebSite\",\"@id\":\"https:\/\/www.mes-allocs.fr\/guides\/#website\",\"url\":\"https:\/\/www.mes-allocs.fr\/guides\/\",\"name\":\"Mes-Allocs.fr\",\"description\":\"\",\"potentialAction\":[{\"@type\":\"SearchAction\",\"target\":\"https:\/\/www.mes-allocs.fr\/guides\/?s={search_term_string}\",\"query-input\":\"required name=search_term_string\"}],\"inLanguage\":\"fr-FR\"},{\"@type\":\"ImageObject\",\"@id\":\"https:\/\/www.mes-allocs.fr\/guides\/aide-vacances\/cheque-vacances\/cheques-vacances-retraites\/cheques-vacances-retraites-fonction-publique\/#primaryimage\",\"inLanguage\":\"fr-FR\",\"url\":\"https:\/\/www.mes-allocs.fr\/guides\/wp-content\/uploads\/2025\/07\/cheque-vacances-retraites-fonction-publique.jpg?wsr\",\"width\":1920,\"height\":1275,\"caption\":\"cheque vacances retraites fonction publique\"},{\"@type\":\"WebPage\",\"@id\":\"https:\/\/www.mes-allocs.fr\/guides\/aide-vacances\/cheque-vacances\/cheques-vacances-retraites\/cheques-vacances-retraites-fonction-publique\/#webpage\",\"url\":\"https:\/\/www.mes-allocs.fr\/guides\/aide-vacances\/cheque-vacances\/cheques-vacances-retraites\/cheques-vacances-retraites-fonction-publique\/\",\"name\":\"Ch\\u00e8ques-vacances pour les retrait\\u00e9s de la fonction publique | Mes-Allocs.fr\",\"isPartOf\":{\"@id\":\"https:\/\/www.mes-allocs.fr\/guides\/#website\"},\"primaryImageOfPage\":{\"@id\":\"https:\/\/www.mes-allocs.fr\/guides\/aide-vacances\/cheque-vacances\/cheques-vacances-retraites\/cheques-vacances-retraites-fonction-publique\/#primaryimage\"},\"datePublished\":\"2025-07-03T06:37:26+00:00\",\"dateModified\":\"2026-04-22T07:33:07+00:00\",\"author\":{\"@id\":\"https:\/\/www.mes-allocs.fr\/guides\/#\/schema\/person\/d816df3fd89b867e748b96418f7d8196\"},\"description\":\"Vous \\u00eates retrait\\u00e9 de la fonction publique ? Depuis le 24\\u202fjuin\\u202f2025, les ch\\u00e8ques-vacances font leur retour ! D\\u00e9couvrez si vous \\u00eates \\u00e9ligible.\",\"inLanguage\":\"fr-FR\"},{\"@type\":\"Person\",\"@id\":\"https:\/\/www.mes-allocs.fr\/guides\/#\/schema\/person\/d816df3fd89b867e748b96418f7d8196\",\"name\":\"A\\u00efda GHATTAS\",\"image\":{\"@type\":\"ImageObject\",\"@id\":\"https:\/\/www.mes-allocs.fr\/guides\/#personlogo\",\"inLanguage\":\"fr-FR\",\"url\":\"https:\/\/www.mes-allocs.fr\/guides\/wp-content\/uploads\/2025\/01\/id-photo-Aida-150x150.jpg\",\"caption\":\"A\\u00efda GHATTAS\"},\"description\":\"A\\u00efda est r\\u00e9dactrice web sp\\u00e9cialis\\u00e9e dans l'actualit\\u00e9, avec un int\\u00e9r\\u00eat particulier pour les aides financi\\u00e8res et dispositifs accessibles au grand public. Elle d\\u00e9crypte les mesures sociales, \\u00e9conomiques ou administratives, mais explore aussi d\\u2019autres th\\u00e9matiques li\\u00e9es \\u00e0 la vie quotidienne et aux droits des \\u00e9trangers, pour proposer une information claire, utile et toujours \\u00e0 jour. Elle rejoint Mes Allocs en 2025 apr\\u00e8s une premi\\u00e8re exp\\u00e9rience dans les t\\u00e9l\\u00e9communications.\",\"sameAs\":[\"https:\/\/www.linkedin.com\/in\/aidaghattas321\/\"]}]}<\/script>\n<!-- \/ Yoast SEO plugin. -->","amp_validity":null,"acf":{"faq":{"1":{"question":"Comment obtenir des ch\u00e8ques-vacances quand on est retrait\u00e9 de la fonction publique ?","answer":"En constituant un dossier via votre organisme de retraite (CNRACL, CGOS, DGFAP) selon votre statut et vos revenus."},"2":{"question":"Quels sont les retrait\u00e9s qui ont droit aux ch\u00e8ques-vacances ?","answer":"Les retrait\u00e9s de la fonction publique d\u2019\u00c9tat, territoriale ou hospitali\u00e8re, sous conditions de ressources."},"3":{"question":"Comment savoir si j'ai le droit aux ch\u00e8ques-vacances ?","answer":"V\u00e9rifiez votre revenu fiscal de r\u00e9f\u00e9rence et renseignez-vous aupr\u00e8s de votre caisse de retraite ou de l\u2019ANCV."},"4":{"question":"Comment demander les ch\u00e8ques-vacances pour les retrait\u00e9s ?","answer":"En passant par la plateforme de votre organisme de retraite ou en contactant votre ancien employeur public."},"5":{"question":"Qui a droit aux ch\u00e8ques-vacances dans la fonction publique ?","answer":"Les fonctionnaires actifs ou retrait\u00e9s remplissant les crit\u00e8res de ressources fix\u00e9s par leur administration ou caisse."},"6":{"question":"","answer":""},"7":{"question":"","answer":""},"8":{"question":"","answer":""},"9":{"question":"","answer":""},"10":{"question":"","answer":""},"11":{"question":"","answer":""},"12":{"question":"","answer":""},"13":{"question":"","answer":""},"14":{"question":"","answer":""},"15":{"question":"","answer":""},"16":{"question":"","answer":""}}},"_links":{"self":[{"href":"https:\/\/www.mes-allocs.fr\/guides\/wp-json\/wp\/v2\/posts\/101489","targetHints":{"allow":["GET"]}}],"collection":[{"href":"https:\/\/www.mes-allocs.fr\/guides\/wp-json\/wp\/v2\/posts"}],"about":[{"href":"https:\/\/www.mes-allocs.fr\/guides\/wp-json\/wp\/v2\/types\/post"}],"author":[{"embeddable":true,"href":"https:\/\/www.mes-allocs.fr\/guides\/wp-json\/wp\/v2\/users\/32"}],"replies":[{"embeddable":true,"href":"https:\/\/www.mes-allocs.fr\/guides\/wp-json\/wp\/v2\/comments?post=101489"}],"version-history":[{"count":6,"href":"https:\/\/www.mes-allocs.fr\/guides\/wp-json\/wp\/v2\/posts\/101489\/revisions"}],"predecessor-version":[{"id":101546,"href":"https:\/\/www.mes-allocs.fr\/guides\/wp-json\/wp\/v2\/posts\/101489\/revisions\/101546"}],"wp:featuredmedia":[{"embeddable":true,"href":"https:\/\/www.mes-allocs.fr\/guides\/wp-json\/wp\/v2\/media\/101490"}],"wp:attachment":[{"href":"https:\/\/www.mes-allocs.fr\/guides\/wp-json\/wp\/v2\/media?parent=101489"}],"wp:term":[{"taxonomy":"category","embeddable":true,"href":"https:\/\/www.mes-allocs.fr\/guides\/wp-json\/wp\/v2\/categories?post=101489"},{"taxonomy":"post_tag","embeddable":true,"href":"https:\/\/www.mes-allocs.fr\/guides\/wp-json\/wp\/v2\/tags?post=101489"}],"curies":[{"name":"wp","href":"https:\/\/api.w.org\/{rel}","templated":true}]}}