{"id":101315,"date":"2025-07-01T14:26:59","date_gmt":"2025-07-01T12:26:59","guid":{"rendered":"https:\/\/www.mes-allocs.fr\/guides\/?p=101315"},"modified":"2026-04-22T08:33:07","modified_gmt":"2026-04-22T07:33:07","slug":"date-allocation-rentree-scolaire","status":"publish","type":"post","link":"https:\/\/www.mes-allocs.fr\/guides\/allocations-familiales\/allocation-rentree-scolaire\/versement-allocation-rentree-scolaire\/date-allocation-rentree-scolaire\/","title":{"rendered":"Date de versement de l&rsquo;allocation de rentr\u00e9e scolaire en 2026"},"content":{"rendered":"<p><img loading=\"lazy\" decoding=\"async\" class=\"alignnone wp-image-101318\" title=\"date allocation rentree scolaire\" src=\"https:\/\/www.mes-allocs.fr\/guides\/wp-content\/uploads\/2025\/07\/date-allocation-rentree-scolaire-e1751372310187-300x57.png\" alt=\"date allocation rentree scolaire\" width=\"1479\" height=\"281\" srcset=\"https:\/\/www.mes-allocs.fr\/guides\/wp-content\/uploads\/2025\/07\/date-allocation-rentree-scolaire-e1751372310187-300x57.png 300w, https:\/\/www.mes-allocs.fr\/guides\/wp-content\/uploads\/2025\/07\/date-allocation-rentree-scolaire-e1751372310187-1024x196.png 1024w, https:\/\/www.mes-allocs.fr\/guides\/wp-content\/uploads\/2025\/07\/date-allocation-rentree-scolaire-e1751372310187-768x147.png 768w, https:\/\/www.mes-allocs.fr\/guides\/wp-content\/uploads\/2025\/07\/date-allocation-rentree-scolaire-e1751372310187-600x115.png 600w\" sizes=\"auto, (max-width: 1479px) 100vw, 1479px\" \/><\/p>\n<p>[Mis \u00e0 jour le 20\/02\/2026] Chaque ann\u00e9e, le <a href=\"https:\/\/www.mes-allocs.fr\/guides\/allocations-familiales\/allocation-rentree-scolaire\/versement-allocation-rentree-scolaire\/\">versement de l\u2019allocation de rentr\u00e9e scolaire<\/a> est un moment attendu par les familles pour pouvoir couvrir les frais li\u00e9s \u00e0 la rentr\u00e9e. En 2026, comme chaque ann\u00e9e, cette aide est vers\u00e9e selon un calendrier. Dans cet article, d\u00e9couvrez les <b>dates de versement de l\u2019allocation de rentr\u00e9e scolaire<\/b> pour 2026, les montants qui vous seront attribu\u00e9s en fonction de l\u2019\u00e2ge de vos enfants et les conditions \u00e0 remplir pour en b\u00e9n\u00e9ficier.<\/p>\n<div class='cta-block'><div class='text'>Simulez toutes vos Aides en 2 min.<\/div><a href='https:\/\/www.mes-allocs.fr\/ab-app?origin=guides\/wp-json\/wp\/v2\/posts\/101315' class='app-button fit'>Simulation gratuite<\/a><\/div>\n<h1>\u00c0 quelle date est vers\u00e9e l\u2019allocation de rentr\u00e9e scolaire en 2026 ?<\/h1>\n<h2>Date de versement de l\u2019allocation de rentr\u00e9e scolaire en France m\u00e9tropolitaine, Guadeloupe, Guyane et Martinique pour 2026<\/h2>\n<p>La date de versement de l\u2019allocation de rentr\u00e9e scolaire en France m\u00e9tropolitaine, Guadeloupe, Guyane et Martinique pour 2026 n&rsquo;est pas encore connue. Elle tournerait s\u00fbrement autour du 20 ao\u00fbt 2026 mais cela reste \u00e0 confirmer.<\/p>\n<h2>Date de versement de l\u2019allocation de rentr\u00e9e scolaire \u00e0 Mayotte et \u00e0 La R\u00e9union pour 2026<\/h2>\n<p>La date de versement de l\u2019allocation de rentr\u00e9e scolaire \u00e0 Mayotte et \u00e0 La R\u00e9union pour 2026 n&rsquo;est pas encore connue. Elle tournerait s\u00fbrement autour du 20 ao\u00fbt 2026 mais cela reste \u00e0 confirmer.<\/p>\n<h1>Quel est le montant de l\u2019allocation de rentr\u00e9e scolaire 2026 ?<\/h1>\n<h2>Quel est le montant de l\u2019ARS par tranche d\u2019\u00e2ge en 2026 ?<\/h2>\n<p>Le montant de l\u2019ARS<b> selon la tranche d\u2019\u00e2ge de votre enfant <\/b>est le suivant pour l\u2019ann\u00e9e 2026 :<\/p>\n\n<div class=\"wpdt-c row wpDataTableContainerSimpleTable wpDataTables wpDataTablesWrapper\n\"\n    >\n    <table id=\"wpdtSimpleTable-16\"\n           class=\"wpdtSimpleTable wpDataTable\"\n           data-column=\"2\"\n           data-rows=\"4\"\n           data-wpID=\"16\"\n           data-responsive=\"0\"\n           data-has-header=\"1\">\n\n                    <thead>        <tr class=\"wpdt-cell-row \" >\n                            <th class=\"wpdt-cell wpdt-bc-F3F9FE wpdt-bold\"\n                                    data-cell-id=\"A1\"\n                data-col-index=\"0\"\n                data-row-index=\"0\"\n                style=\" width:48.571428571429%;                padding:10px;\"\n                >\n                                \u00c2ge de l'enfant                <\/th>\n                                            <th class=\"wpdt-cell wpdt-bc-F3F9FE wpdt-bold\"\n                                    data-cell-id=\"B1\"\n                data-col-index=\"1\"\n                data-row-index=\"0\"\n                style=\" width:51.428571428571%;                padding:10px;\"\n                >\n                                Montant de l'ARS                <\/th>\n                                        <\/tr>\n                    <tbody>        <tr class=\"wpdt-cell-row \" >\n                            <td class=\"wpdt-cell \"\n                                    data-cell-id=\"A2\"\n                data-col-index=\"0\"\n                data-row-index=\"1\"\n                style=\"                padding:10px;\"\n                >\n                                6 \u00e0 10 ans                <\/td>\n                                            <td class=\"wpdt-cell \"\n                                    data-cell-id=\"B2\"\n                data-col-index=\"1\"\n                data-row-index=\"1\"\n                style=\"                padding:10px;\"\n                >\n                                423,05 \u20ac                <\/td>\n                                        <\/tr>\n                            <tr class=\"wpdt-cell-row \" >\n                            <td class=\"wpdt-cell \"\n                                    data-cell-id=\"A3\"\n                data-col-index=\"0\"\n                data-row-index=\"2\"\n                style=\"                padding:10px;\"\n                >\n                                11 \u00e0 14 ans                <\/td>\n                                            <td class=\"wpdt-cell \"\n                                    data-cell-id=\"B3\"\n                data-col-index=\"1\"\n                data-row-index=\"2\"\n                style=\"                padding:10px;\"\n                >\n                                446,15 \u20ac                <\/td>\n                                        <\/tr>\n                            <tr class=\"wpdt-cell-row \" >\n                            <td class=\"wpdt-cell \"\n                                    data-cell-id=\"A4\"\n                data-col-index=\"0\"\n                data-row-index=\"3\"\n                style=\"                padding:10px;\"\n                >\n                                15 \u00e0 18 ans                <\/td>\n                                            <td class=\"wpdt-cell \"\n                                    data-cell-id=\"B4\"\n                data-col-index=\"1\"\n                data-row-index=\"3\"\n                style=\"                padding:10px;\"\n                >\n                                462,03 \u20ac                <\/td>\n                                        <\/tr>\n                    <\/table>\n<\/div><style id='wpdt-custom-style-16'>\ntable#wpdtSimpleTable-16{ table-layout: fixed !important; }\n.wpdt-bc-F3F9FE { background-color: #F3F9FE !important;}\n<\/style>\n\n<p>Ces montants s\u2019appliquent par enfant \u00e9ligible dans votre foyer.<\/p>\n<h2>Comment est calcul\u00e9 le montant ?<\/h2>\n<p>Le montant de l\u2019ARS d\u00e9pend uniquement de l\u2019<b>\u00e2ge de votre enfant<\/b> au 31 d\u00e9cembre de l\u2019ann\u00e9e de versement. Il est vers\u00e9 sous conditions de ressources du foyer, dont les <b>plafonds ont \u00e9t\u00e9 r\u00e9\u00e9valu\u00e9s en 2026 <\/b>pour prendre en compte l\u2019inflation. Le montant total que vous pouvez percevoir est la somme de l\u2019ARS pour chacun de vos enfants \u00e0 charge dans les tranches d\u2019\u00e2ge correspondantes. L\u2019allocation de rentr\u00e9e scolaire est revaloris\u00e9e <b>chaque ann\u00e9e<\/b>.<\/p>\n<p><iframe loading=\"lazy\" title=\"L&#039;allocation de rentr\u00e9e scolaire\" width=\"500\" height=\"281\" src=\"https:\/\/www.youtube.com\/embed\/MfDoGweq-e0?feature=oembed\" frameborder=\"0\" allow=\"accelerometer; autoplay; clipboard-write; encrypted-media; gyroscope; picture-in-picture; web-share\" referrerpolicy=\"strict-origin-when-cross-origin\" allowfullscreen><\/iframe><\/p>\n<div class='cta-block'><div class='text'>Simulez toutes vos Aides en 2 min.<\/div><a href='https:\/\/www.mes-allocs.fr\/ab-app?origin=guides\/wp-json\/wp\/v2\/posts\/101315' class='app-button fit'>Simulation gratuite<\/a><\/div>\n<h1>Avez-vous des d\u00e9marches \u00e0 effectuer avant la date de versement de l\u2019ARS ?<\/h1>\n<h2>Un versement automatique pour les 6 &#8211; 15 ans<\/h2>\n<p>Pour les enfants \u00e2g\u00e9s de 6 \u00e0 15 ans, le versement de l\u2019allocation de rentr\u00e9e scolaire est <b>automatique<\/b> si vous \u00eates d\u00e9j\u00e0 allocataire de la CAF ou de la MSA et que vos informations sont \u00e0 jour. Vous n\u2019avez donc aucune d\u00e9marche \u00e0 effectuer avec le versement. Il suffit que votre enfant soit inscrit dans un \u00e9tablissement scolaire ou suivre des cours \u00e0 distance dans un organisme reconnu, comme le CNED.<\/p>\n<h2>Les d\u00e9marches pour les enfants de moins de 6 ans<\/h2>\n<p>Les enfants de moins de 6 ans <b>ne sont pas \u00e9ligibles<\/b> \u00e0 l\u2019allocation de rentr\u00e9e scolaire, <b>sauf s\u2019ils entrent en CP<\/b>. Dans ce cas, pour b\u00e9n\u00e9ficier de l\u2019ARS, vous devez fournir un justificatif de scolarit\u00e9, qui est fourni par l\u2019\u00e9cole, \u00e0 la CAF ou la MSA. Ce document peut \u00eatre envoy\u00e9 par courrier ou d\u00e9pos\u00e9 en guichet avant la rentr\u00e9e. Le versement est d\u00e9clench\u00e9 d\u00e8s la r\u00e9ception de ce justificatif.<\/p>\n<h2>Les d\u00e9marches pour les jeunes de 16 \u00e0 18 ans<\/h2>\n<p>Pour les enfants \u00e2g\u00e9s de 16 \u00e0 18 ans, le versement de l\u2019ARS <b>n\u2019est pas automatique.<\/b> Vous devez <b>confirmer la scolarisation ou l\u2019apprentissage de votre enfant<\/b> \u00e0 partir d\u2019une d\u00e9claration \u00e0 effectuer \u00e0 partir de votre espace personnel CAF ou MSA. Cette d\u00e9marche d\u00e9clenche le versement de l\u2019allocation.<\/p>\n<h1>Versement de l\u2019ARS non re\u00e7u : comment faire ?<\/h1>\n<p>Si <a href=\"https:\/\/www.mes-allocs.fr\/guides\/allocations-familiales\/allocation-rentree-scolaire\/versement-allocation-rentree-scolaire\/allocation-rentree-scolaire-non-versee\/\">vous n\u2019avez pas re\u00e7u l\u2019allocation de rentr\u00e9e scolaire<\/a>, plusieurs causes peuvent expliquer ce retard, notamment un d\u00e9lai de 1 \u00e0 3 jours, un dossier incomplet ou des informations non \u00e0 jour aupr\u00e8s de la CAF ou de la MSA. Ainsi, en cas de versement d\u2019ARS non re\u00e7u, vous devez :<\/p>\n<ul>\n<li aria-level=\"1\"><b>V\u00e9rifiez que vos informations sont \u00e0 jour <\/b>: vous devez vous assurer d\u2019avoir bien d\u00e9clar\u00e9 vos ressources et que la scolarisation de votre enfant est bien confirm\u00e9e si cela est n\u00e9cessaire.<\/li>\n<li aria-level=\"1\"><b>Contacter votre CAF ou MSA<\/b> : en cas de doute ou de probl\u00e8me, vous pouvez contacter votre CAF ou MSA pour v\u00e9rifier l\u2019\u00e9tat de votre dossier, signaler un oubli ou corriger des fausses informations.<\/li>\n<li aria-level=\"1\"><b>Cr\u00e9er un compte sur le site de la CAF<\/b> : si vous n\u2019\u00eates pas encore allocataire, vous devez vous cr\u00e9er un compte et fournir les justificatifs n\u00e9cessaires.<\/li>\n<\/ul>\n<p>Pour vous accompagner dans ces d\u00e9marches, <b>nos experts<\/b> peuvent vous aider \u00e0 <b>comprendre votre situation<\/b>, <b>v\u00e9rifier votre \u00e9ligibilit\u00e9<\/b> et vous guider dans les <b>d\u00e9marches<\/b> \u00e0 effectuer aupr\u00e8s de la CAF ou de la MSA afin d\u2019obtenir le versement de l\u2019ARS.<\/p>\n<div class='shortcode summary'><div class='title'>En r\u00e9sum\u00e9 :<\/div><div class='content'><ul><li>La date de versement de l&rsquo;allocation de rentr\u00e9e scolaire n&rsquo;est pas encore connue.<\/li><li>Le montant de l\u2019ARS en 2026 <b>varie en fonction de l\u2019\u00e2ge<\/b> de l\u2019enfant, avec des tranches d\u2019\u00e2ge diff\u00e9rentes et une <b>revalorisation<\/b> chaque ann\u00e9e<\/li><li>Pour les enfants de 6 \u00e0 15 ans, le versement est automatique si vous \u00eates d\u00e9j\u00e0 allocataire. Pour les enfants plus jeunes ou \u00e2g\u00e9s de 16 \u00e0 18 ans, des d\u00e9marches suppl\u00e9mentaires sont requises, comme fournir un justificatif de scolarit\u00e9 ou confirmer l\u2019apprentissage.<\/li><li>En cas de non-r\u00e9ception de l\u2019ARS, vous devez v\u00e9rifier vos informations aupr\u00e8s de la CAF ou de la MSA et vous devez mettre \u00e0 jour vos donn\u00e9es si n\u00e9cessaire. <\/li><\/ul><\/div><\/div>\n<div class='cta-block'><div class='text'>Simulez toutes vos Aides en 2 min.<\/div><a href='https:\/\/www.mes-allocs.fr\/ab-app?origin=guides\/wp-json\/wp\/v2\/posts\/101315' class='app-button fit'>Simulation gratuite<\/a><\/div>\n","protected":false},"excerpt":{"rendered":"<p>[Mis \u00e0 jour le 20\/02\/2026] Chaque ann\u00e9e, le versement de l\u2019allocation de rentr\u00e9e scolaire est un moment attendu par les familles pour pouvoir couvrir les frais li\u00e9s \u00e0 la rentr\u00e9e. En 2026, comme chaque ann\u00e9e, cette aide est vers\u00e9e selon un calendrier. Dans cet article, d\u00e9couvrez les dates de versement de l\u2019allocation de rentr\u00e9e scolaire [&hellip;]<\/p>\n","protected":false},"author":31,"featured_media":101317,"comment_status":"open","ping_status":"open","sticky":false,"template":"","format":"standard","meta":{"amp_status":"","footnotes":""},"categories":[41,10,41938],"tags":[],"class_list":["post-101315","post","type-post","status-publish","format-standard","has-post-thumbnail","hentry","category-allocation-rentree-scolaire","category-allocations-familiales","category-versement-allocation-rentree-scolaire"],"yoast_head":"<!-- This site is optimized with the Yoast SEO plugin v14.9 - https:\/\/yoast.com\/wordpress\/plugins\/seo\/ -->\n<title>Date de versement de l&#039;allocation de rentr\u00e9e scolaire en 2026<\/title>\n<meta name=\"description\" content=\"L&#039;allocation de rentr\u00e9e scolaire est une aide pour les familles \u00e0 couvrir les frais li\u00e9s \u00e0 la rentr\u00e9e. Quand sera-t-elle vers\u00e9e en 2026 ?\" \/>\n<meta name=\"robots\" content=\"index, follow, max-snippet:-1, max-image-preview:large, max-video-preview:-1\" \/>\n<link rel=\"canonical\" href=\"https:\/\/www.mes-allocs.fr\/guides\/allocations-familiales\/allocation-rentree-scolaire\/versement-allocation-rentree-scolaire\/date-allocation-rentree-scolaire\/\" \/>\n<meta property=\"og:locale\" content=\"fr_FR\" \/>\n<meta property=\"og:type\" content=\"article\" \/>\n<meta property=\"og:title\" content=\"Date de versement de l&#039;allocation de rentr\u00e9e scolaire en 2026\" \/>\n<meta property=\"og:description\" content=\"L&#039;allocation de rentr\u00e9e scolaire est une aide pour les familles \u00e0 couvrir les frais li\u00e9s \u00e0 la rentr\u00e9e. Quand sera-t-elle vers\u00e9e en 2026 ?\" \/>\n<meta property=\"og:url\" content=\"https:\/\/www.mes-allocs.fr\/guides\/allocations-familiales\/allocation-rentree-scolaire\/versement-allocation-rentree-scolaire\/date-allocation-rentree-scolaire\/\" \/>\n<meta property=\"og:site_name\" content=\"Mes-Allocs.fr\" \/>\n<meta property=\"article:published_time\" content=\"2025-07-01T12:26:59+00:00\" \/>\n<meta property=\"article:modified_time\" content=\"2026-04-22T07:33:07+00:00\" \/>\n<meta property=\"og:image\" content=\"https:\/\/www.mes-allocs.fr\/guides\/wp-content\/uploads\/2025\/07\/allocation-rentree-scolaire-date.png?wsr\" \/>\n\t<meta property=\"og:image:width\" content=\"1410\" \/>\n\t<meta property=\"og:image:height\" content=\"750\" \/>\n<meta name=\"twitter:card\" content=\"summary_large_image\" \/>\n<script type=\"application\/ld+json\" class=\"yoast-schema-graph\">{\"@context\":\"https:\/\/schema.org\",\"@graph\":[{\"@type\":\"WebSite\",\"@id\":\"https:\/\/www.mes-allocs.fr\/guides\/#website\",\"url\":\"https:\/\/www.mes-allocs.fr\/guides\/\",\"name\":\"Mes-Allocs.fr\",\"description\":\"\",\"potentialAction\":[{\"@type\":\"SearchAction\",\"target\":\"https:\/\/www.mes-allocs.fr\/guides\/?s={search_term_string}\",\"query-input\":\"required name=search_term_string\"}],\"inLanguage\":\"fr-FR\"},{\"@type\":\"ImageObject\",\"@id\":\"https:\/\/www.mes-allocs.fr\/guides\/allocations-familiales\/allocation-rentree-scolaire\/versement-allocation-rentree-scolaire\/date-allocation-rentree-scolaire\/#primaryimage\",\"inLanguage\":\"fr-FR\",\"url\":\"https:\/\/www.mes-allocs.fr\/guides\/wp-content\/uploads\/2025\/07\/allocation-rentree-scolaire-date.png?wsr\",\"width\":1410,\"height\":750,\"caption\":\"allocation rentree scolaire date\"},{\"@type\":\"WebPage\",\"@id\":\"https:\/\/www.mes-allocs.fr\/guides\/allocations-familiales\/allocation-rentree-scolaire\/versement-allocation-rentree-scolaire\/date-allocation-rentree-scolaire\/#webpage\",\"url\":\"https:\/\/www.mes-allocs.fr\/guides\/allocations-familiales\/allocation-rentree-scolaire\/versement-allocation-rentree-scolaire\/date-allocation-rentree-scolaire\/\",\"name\":\"Date de versement de l'allocation de rentr\\u00e9e scolaire en 2026\",\"isPartOf\":{\"@id\":\"https:\/\/www.mes-allocs.fr\/guides\/#website\"},\"primaryImageOfPage\":{\"@id\":\"https:\/\/www.mes-allocs.fr\/guides\/allocations-familiales\/allocation-rentree-scolaire\/versement-allocation-rentree-scolaire\/date-allocation-rentree-scolaire\/#primaryimage\"},\"datePublished\":\"2025-07-01T12:26:59+00:00\",\"dateModified\":\"2026-04-22T07:33:07+00:00\",\"author\":{\"@id\":\"https:\/\/www.mes-allocs.fr\/guides\/#\/schema\/person\/4f115680446d9e6de360142157ca671d\"},\"description\":\"L'allocation de rentr\\u00e9e scolaire est une aide pour les familles \\u00e0 couvrir les frais li\\u00e9s \\u00e0 la rentr\\u00e9e. Quand sera-t-elle vers\\u00e9e en 2026 ?\",\"inLanguage\":\"fr-FR\"},{\"@type\":\"Person\",\"@id\":\"https:\/\/www.mes-allocs.fr\/guides\/#\/schema\/person\/4f115680446d9e6de360142157ca671d\",\"name\":\"Miangaly Ramasindray\",\"image\":{\"@type\":\"ImageObject\",\"@id\":\"https:\/\/www.mes-allocs.fr\/guides\/#personlogo\",\"inLanguage\":\"fr-FR\",\"url\":\"https:\/\/www.mes-allocs.fr\/guides\/wp-content\/uploads\/2024\/10\/Miangaly_Ramasindray-150x150.jpeg\",\"caption\":\"Miangaly Ramasindray\"},\"description\":\"Miangaly est r\\u00e9dactrice web sp\\u00e9cialis\\u00e9e sur les sujets de pouvoir d'achat. Elle rejoint Mes Allocs en 2024 apr\\u00e8s une premi\\u00e8re exp\\u00e9rience en marketing chez DMI.\",\"sameAs\":[\"https:\/\/www.linkedin.com\/in\/miangaly-ramasindray\/\"]}]}<\/script>\n<!-- \/ Yoast SEO plugin. -->","amp_validity":null,"acf":{"faq":{"1":{"question":"Quelle est la date de versement de la prime de rentr\u00e9e scolaire pour 2025 ?","answer":"Pour la rentr\u00e9e 2025, le versement de l'allocation de rentr\u00e9e scolaire est programm\u00e9 pour le mardi 19 ao\u00fbt en France m\u00e9tropolitaine et dans les r\u00e9gions d'Outre-Mer, \u00e0 l'exception de Mayotte et La R\u00e9union pour qui le versement est fix\u00e9 au mardi 5 ao\u00fbt."},"2":{"question":"Quel est le montant de la prime de rentr\u00e9e scolaire ?","answer":"Le montant de la prime de rentr\u00e9e scolaire varie selon l'\u00e2ge de votre enfant. Par exemple, si vous avez un enfant de 8 ans alors le montant de l'ARS sera de 423,48 \u20ac."},"3":{"question":"Quand s'arr\u00eate l'allocation de rentr\u00e9e scolaire ?","answer":"L'ARS s'arr\u00eate d\u00e8s les 18 ans de votre enfant. "},"4":{"question":"Quel est le montant de l'allocation de rentr\u00e9e scolaire diff\u00e9rentielle ?","answer":"Le montant de l\u2019allocation de rentr\u00e9e scolaire diff\u00e9rentielle en 2025 correspond \u00e0 la diff\u00e9rence entre le plafond de ressources major\u00e9 du montant de l\u2019ARS et les revenus r\u00e9els du foyer, sans pouvoir d\u00e9passer le montant de l\u2019ARS classique par enfant."},"5":{"question":"Qu'est-ce que l'allocation diff\u00e9rentielle ?","answer":"L\u2019allocation diff\u00e9rentielle de rentr\u00e9e scolaire est une aide d\u00e9gressive vers\u00e9e aux familles dont les revenus d\u00e9passent l\u00e9g\u00e8rement le plafond de l\u2019ARS classique."},"6":{"question":"Quand est vers\u00e9e l'allocation diff\u00e9rentielle ?","answer":"En m\u00eame temps que l'ARS classique. "},"7":{"question":"","answer":""},"8":{"question":"","answer":""},"9":{"question":"","answer":""},"10":{"question":"","answer":""},"11":{"question":"","answer":""},"12":{"question":"","answer":""},"13":{"question":"","answer":""},"14":{"question":"","answer":""},"15":{"question":"","answer":""},"16":{"question":"","answer":""}}},"_links":{"self":[{"href":"https:\/\/www.mes-allocs.fr\/guides\/wp-json\/wp\/v2\/posts\/101315","targetHints":{"allow":["GET"]}}],"collection":[{"href":"https:\/\/www.mes-allocs.fr\/guides\/wp-json\/wp\/v2\/posts"}],"about":[{"href":"https:\/\/www.mes-allocs.fr\/guides\/wp-json\/wp\/v2\/types\/post"}],"author":[{"embeddable":true,"href":"https:\/\/www.mes-allocs.fr\/guides\/wp-json\/wp\/v2\/users\/31"}],"replies":[{"embeddable":true,"href":"https:\/\/www.mes-allocs.fr\/guides\/wp-json\/wp\/v2\/comments?post=101315"}],"version-history":[{"count":8,"href":"https:\/\/www.mes-allocs.fr\/guides\/wp-json\/wp\/v2\/posts\/101315\/revisions"}],"predecessor-version":[{"id":109656,"href":"https:\/\/www.mes-allocs.fr\/guides\/wp-json\/wp\/v2\/posts\/101315\/revisions\/109656"}],"wp:featuredmedia":[{"embeddable":true,"href":"https:\/\/www.mes-allocs.fr\/guides\/wp-json\/wp\/v2\/media\/101317"}],"wp:attachment":[{"href":"https:\/\/www.mes-allocs.fr\/guides\/wp-json\/wp\/v2\/media?parent=101315"}],"wp:term":[{"taxonomy":"category","embeddable":true,"href":"https:\/\/www.mes-allocs.fr\/guides\/wp-json\/wp\/v2\/categories?post=101315"},{"taxonomy":"post_tag","embeddable":true,"href":"https:\/\/www.mes-allocs.fr\/guides\/wp-json\/wp\/v2\/tags?post=101315"}],"curies":[{"name":"wp","href":"https:\/\/api.w.org\/{rel}","templated":true}]}}